{"id":1656,"date":"2014-12-17T21:56:58","date_gmt":"2014-12-18T01:56:58","guid":{"rendered":"http:\/\/remylaurentkraft.com\/blog\/?p=1656"},"modified":"2018-12-15T05:05:41","modified_gmt":"2018-12-15T09:05:41","slug":"clochette","status":"publish","type":"post","link":"https:\/\/remylaurentkraft.com\/blog\/clochette\/","title":{"rendered":"Clochette &#8211; le pas \u00e0 pas"},"content":{"rendered":"<div align=\"center\"><strong>\u00e9tapes de construction du tableau \u00ab\u00a0Clochette\u00a0\u00bb<\/strong><\/div>\n<div align=\"center\">1 &#8211; les id\u00e9es de d\u00e9part<\/div>\n<div align=\"center\">\n<div align=\"center\"><a href=\"https:\/\/remylaurentkraft.com\/blog\/wp-content\/uploads\/2017\/03\/buro-1.jpg\"><img loading=\"lazy\" decoding=\"async\" class=\"alignnone size-full wp-image-1658\" src=\"https:\/\/remylaurentkraft.com\/blog\/wp-content\/uploads\/2017\/03\/buro-1.jpg\" alt=\"buro-1\" width=\"600\" height=\"450\" srcset=\"https:\/\/remylaurentkraft.com\/blog\/wp-content\/uploads\/2017\/03\/buro-1.jpg 600w, https:\/\/remylaurentkraft.com\/blog\/wp-content\/uploads\/2017\/03\/buro-1-300x225.jpg 300w\" sizes=\"auto, (max-width: 600px) 100vw, 600px\" \/><\/a><\/div>\n<div align=\"center\">\n<div align=\"center\">Un petit gratouillage sur le bureau&#8230;<\/div>\n<div align=\"center\"><a href=\"https:\/\/remylaurentkraft.com\/blog\/wp-content\/uploads\/2017\/03\/buro-2.jpg\"><img loading=\"lazy\" decoding=\"async\" class=\"alignnone size-full wp-image-1659\" src=\"https:\/\/remylaurentkraft.com\/blog\/wp-content\/uploads\/2017\/03\/buro-2.jpg\" alt=\"buro-2\" width=\"600\" height=\"498\" srcset=\"https:\/\/remylaurentkraft.com\/blog\/wp-content\/uploads\/2017\/03\/buro-2.jpg 600w, https:\/\/remylaurentkraft.com\/blog\/wp-content\/uploads\/2017\/03\/buro-2-300x249.jpg 300w\" sizes=\"auto, (max-width: 600px) 100vw, 600px\" \/><\/a><\/div>\n<div align=\"center\"><a href=\"https:\/\/remylaurentkraft.com\/blog\/wp-content\/uploads\/2017\/03\/clochette-1.jpg\"><img loading=\"lazy\" decoding=\"async\" class=\"alignnone size-full wp-image-1660\" src=\"https:\/\/remylaurentkraft.com\/blog\/wp-content\/uploads\/2017\/03\/clochette-1.jpg\" alt=\"clochette-1\" width=\"600\" height=\"421\" srcset=\"https:\/\/remylaurentkraft.com\/blog\/wp-content\/uploads\/2017\/03\/clochette-1.jpg 600w, https:\/\/remylaurentkraft.com\/blog\/wp-content\/uploads\/2017\/03\/clochette-1-300x211.jpg 300w\" sizes=\"auto, (max-width: 600px) 100vw, 600px\" \/><\/a><\/div>\n<div align=\"center\">\n<div align=\"center\">j&rsquo;ai fais alors, un premier dessin, inspir\u00e9 du \u00ab\u00a0gratouillage\u00a0\u00bb ci dessus.<\/div>\n<div align=\"center\"><a href=\"https:\/\/remylaurentkraft.com\/blog\/wp-content\/uploads\/2017\/03\/etudes.jpg\"><img loading=\"lazy\" decoding=\"async\" class=\"alignnone size-full wp-image-1663\" src=\"https:\/\/remylaurentkraft.com\/blog\/wp-content\/uploads\/2017\/03\/etudes.jpg\" alt=\"etudes\" width=\"600\" height=\"1173\" srcset=\"https:\/\/remylaurentkraft.com\/blog\/wp-content\/uploads\/2017\/03\/etudes.jpg 600w, https:\/\/remylaurentkraft.com\/blog\/wp-content\/uploads\/2017\/03\/etudes-300x587.jpg 300w, https:\/\/remylaurentkraft.com\/blog\/wp-content\/uploads\/2017\/03\/etudes-153x300.jpg 153w, https:\/\/remylaurentkraft.com\/blog\/wp-content\/uploads\/2017\/03\/etudes-524x1024.jpg 524w\" sizes=\"auto, (max-width: 600px) 100vw, 600px\" \/><\/a><\/div>\n<div align=\"center\">\n<div align=\"center\">quelques etudes qui m&rsquo;ont amen\u00e9es au dessin suivant.<\/div>\n<div align=\"center\"><a href=\"https:\/\/remylaurentkraft.com\/blog\/wp-content\/uploads\/2017\/03\/clochette-2.jpg\"><img loading=\"lazy\" decoding=\"async\" class=\"alignnone size-full wp-image-1661\" src=\"https:\/\/remylaurentkraft.com\/blog\/wp-content\/uploads\/2017\/03\/clochette-2.jpg\" alt=\"clochette-2\" width=\"331\" height=\"500\" srcset=\"https:\/\/remylaurentkraft.com\/blog\/wp-content\/uploads\/2017\/03\/clochette-2.jpg 331w, https:\/\/remylaurentkraft.com\/blog\/wp-content\/uploads\/2017\/03\/clochette-2-300x453.jpg 300w, https:\/\/remylaurentkraft.com\/blog\/wp-content\/uploads\/2017\/03\/clochette-2-199x300.jpg 199w\" sizes=\"auto, (max-width: 331px) 100vw, 331px\" \/><\/a><\/div>\n<div align=\"center\">Et voil\u00e0, le choix est fait pour la petite f\u00e9e.<\/div>\n<div align=\"center\">Elle est effectivement perch\u00e9e sur une branche, mais l&rsquo;orientation du personnage a chang\u00e9.<\/div>\n<div align=\"center\"><\/div>\n<div align=\"center\">\n<hr \/>\n<\/div>\n<div align=\"center\">\u00a0Passons maintenant aux mod\u00e8les pour composer la toile.<\/div>\n<div align=\"center\"><a href=\"https:\/\/remylaurentkraft.com\/blog\/wp-content\/uploads\/2017\/03\/arbre.jpg\"><img loading=\"lazy\" decoding=\"async\" class=\"alignnone size-full wp-image-1657\" src=\"https:\/\/remylaurentkraft.com\/blog\/wp-content\/uploads\/2017\/03\/arbre.jpg\" alt=\"arbre\" width=\"600\" height=\"450\" srcset=\"https:\/\/remylaurentkraft.com\/blog\/wp-content\/uploads\/2017\/03\/arbre.jpg 600w, https:\/\/remylaurentkraft.com\/blog\/wp-content\/uploads\/2017\/03\/arbre-300x225.jpg 300w\" sizes=\"auto, (max-width: 600px) 100vw, 600px\" \/><\/a><\/div>\n<div align=\"center\">\n<div align=\"center\">Cet arbre m&rsquo;inspirait d\u00e9j\u00e0&#8230; \u00c7a se passera dans cet entrelac de feuilles et de branches&#8230;<\/div>\n<div align=\"center\"><a href=\"https:\/\/remylaurentkraft.com\/blog\/wp-content\/uploads\/2017\/03\/culdesac.jpg\"><img loading=\"lazy\" decoding=\"async\" class=\"alignnone size-full wp-image-1662\" src=\"https:\/\/remylaurentkraft.com\/blog\/wp-content\/uploads\/2017\/03\/culdesac.jpg\" alt=\"culdesac\" width=\"342\" height=\"450\" srcset=\"https:\/\/remylaurentkraft.com\/blog\/wp-content\/uploads\/2017\/03\/culdesac.jpg 342w, https:\/\/remylaurentkraft.com\/blog\/wp-content\/uploads\/2017\/03\/culdesac-300x395.jpg 300w, https:\/\/remylaurentkraft.com\/blog\/wp-content\/uploads\/2017\/03\/culdesac-228x300.jpg 228w\" sizes=\"auto, (max-width: 342px) 100vw, 342px\" \/><\/a><\/div>\n<div align=\"center\">\n<p align=\"center\">&#8230; on y verra aussi cette maisonnette typique de St-Barth,<\/p>\n<p align=\"center\">d&rsquo;apr\u00e8s cette aquarelle que j&rsquo;ai fais il y a pas mal de temps.<\/p>\n<hr \/>\n<p align=\"center\">Et voil\u00e0 le moment de concr\u00e9tiser tout \u00e7a sur la toile.<\/p>\n<p align=\"center\">J&rsquo;ai choisi une toile de 92 cm x 73 cm.<\/p>\n<p align=\"center\">Elle est d&rsquo;abord recouverte d&rsquo;un apr\u00eat gris assez soutenu.<\/p>\n<p align=\"center\">2 &#8211; Voici les diff\u00e9rentes \u00e9tapes, ci dessous.<\/p>\n<p align=\"center\"><a href=\"https:\/\/remylaurentkraft.com\/blog\/wp-content\/uploads\/2017\/03\/etape-1.jpg\"><img loading=\"lazy\" decoding=\"async\" class=\"alignnone size-full wp-image-1666\" src=\"https:\/\/remylaurentkraft.com\/blog\/wp-content\/uploads\/2017\/03\/etape-1.jpg\" alt=\"etape-1\" width=\"461\" height=\"368\" srcset=\"https:\/\/remylaurentkraft.com\/blog\/wp-content\/uploads\/2017\/03\/etape-1.jpg 461w, https:\/\/remylaurentkraft.com\/blog\/wp-content\/uploads\/2017\/03\/etape-1-300x239.jpg 300w\" sizes=\"auto, (max-width: 461px) 100vw, 461px\" \/><\/a><\/p>\n<p align=\"center\"><a href=\"https:\/\/remylaurentkraft.com\/blog\/wp-content\/uploads\/2017\/03\/etape-2.jpg\"><img loading=\"lazy\" decoding=\"async\" class=\"alignnone size-full wp-image-1667\" src=\"https:\/\/remylaurentkraft.com\/blog\/wp-content\/uploads\/2017\/03\/etape-2.jpg\" alt=\"etape-2\" width=\"461\" height=\"368\" srcset=\"https:\/\/remylaurentkraft.com\/blog\/wp-content\/uploads\/2017\/03\/etape-2.jpg 461w, https:\/\/remylaurentkraft.com\/blog\/wp-content\/uploads\/2017\/03\/etape-2-300x239.jpg 300w\" sizes=\"auto, (max-width: 461px) 100vw, 461px\" \/><\/a><\/p>\n<p align=\"center\"><a href=\"https:\/\/remylaurentkraft.com\/blog\/wp-content\/uploads\/2017\/03\/etape-3.jpg\"><img loading=\"lazy\" decoding=\"async\" class=\"alignnone size-full wp-image-1668\" src=\"https:\/\/remylaurentkraft.com\/blog\/wp-content\/uploads\/2017\/03\/etape-3.jpg\" alt=\"etape-3\" width=\"458\" height=\"368\" srcset=\"https:\/\/remylaurentkraft.com\/blog\/wp-content\/uploads\/2017\/03\/etape-3.jpg 458w, https:\/\/remylaurentkraft.com\/blog\/wp-content\/uploads\/2017\/03\/etape-3-300x241.jpg 300w\" sizes=\"auto, (max-width: 458px) 100vw, 458px\" \/><\/a><\/p>\n<\/div>\n<p align=\"center\"><a href=\"https:\/\/remylaurentkraft.com\/blog\/wp-content\/uploads\/2017\/03\/etape-4.jpg\"><img loading=\"lazy\" decoding=\"async\" class=\"alignnone wp-image-1669\" src=\"https:\/\/remylaurentkraft.com\/blog\/wp-content\/uploads\/2017\/03\/etape-4.jpg\" alt=\"etape-4\" width=\"458\" height=\"368\" srcset=\"https:\/\/remylaurentkraft.com\/blog\/wp-content\/uploads\/2017\/03\/etape-4.jpg 600w, https:\/\/remylaurentkraft.com\/blog\/wp-content\/uploads\/2017\/03\/etape-4-300x241.jpg 300w\" sizes=\"auto, (max-width: 458px) 100vw, 458px\" \/><\/a><\/p>\n<p align=\"center\"><a href=\"https:\/\/remylaurentkraft.com\/blog\/wp-content\/uploads\/2017\/03\/etape-5.jpg\"><img loading=\"lazy\" decoding=\"async\" class=\"alignnone wp-image-1670\" src=\"https:\/\/remylaurentkraft.com\/blog\/wp-content\/uploads\/2017\/03\/etape-5.jpg\" alt=\"etape-5\" width=\"458\" height=\"367\" srcset=\"https:\/\/remylaurentkraft.com\/blog\/wp-content\/uploads\/2017\/03\/etape-5.jpg 600w, https:\/\/remylaurentkraft.com\/blog\/wp-content\/uploads\/2017\/03\/etape-5-300x241.jpg 300w\" sizes=\"auto, (max-width: 458px) 100vw, 458px\" \/><\/a><\/p>\n<p align=\"center\"><a href=\"https:\/\/remylaurentkraft.com\/blog\/wp-content\/uploads\/2017\/03\/etape-6.jpg\"><img loading=\"lazy\" decoding=\"async\" class=\"alignnone size-full wp-image-1671\" src=\"https:\/\/remylaurentkraft.com\/blog\/wp-content\/uploads\/2017\/03\/etape-6.jpg\" alt=\"etape-6\" width=\"458\" height=\"368\" srcset=\"https:\/\/remylaurentkraft.com\/blog\/wp-content\/uploads\/2017\/03\/etape-6.jpg 458w, https:\/\/remylaurentkraft.com\/blog\/wp-content\/uploads\/2017\/03\/etape-6-300x241.jpg 300w\" sizes=\"auto, (max-width: 458px) 100vw, 458px\" \/><\/a><\/p>\n<p align=\"center\">Je r\u00e9alise que la f\u00e9e est senc\u00e9e se confondre avec les branches&#8230; Alors je refait la couleur du costume pour qu&rsquo;il soit assortis non pas au feuillage, mais bien aux branches.<\/p>\n<p align=\"center\"><a href=\"https:\/\/remylaurentkraft.com\/blog\/wp-content\/uploads\/2017\/03\/etape-7.jpg\"><img loading=\"lazy\" decoding=\"async\" class=\"alignnone size-full wp-image-1672\" src=\"https:\/\/remylaurentkraft.com\/blog\/wp-content\/uploads\/2017\/03\/etape-7.jpg\" alt=\"etape-7\" width=\"463\" height=\"368\" srcset=\"https:\/\/remylaurentkraft.com\/blog\/wp-content\/uploads\/2017\/03\/etape-7.jpg 463w, https:\/\/remylaurentkraft.com\/blog\/wp-content\/uploads\/2017\/03\/etape-7-300x238.jpg 300w\" sizes=\"auto, (max-width: 463px) 100vw, 463px\" \/><\/a><\/p>\n<p align=\"center\">\n<\/div>\n<p align=\"center\">\n<\/div>\n<\/div>\n<\/div>\n<\/div>\n<p><iframe loading=\"lazy\" title=\"clochette 1\" width=\"960\" height=\"720\" src=\"https:\/\/www.youtube.com\/embed\/VTz-zVPUeRQ?feature=oembed\" frameborder=\"0\" allow=\"accelerometer; autoplay; clipboard-write; encrypted-media; gyroscope; picture-in-picture\" allowfullscreen><\/iframe><\/p>\n<p>Une petite vid\u00e9o&#8230; le travail est long, car au contraire du papier, la toile n&rsquo;absorbe pas la peinture, et comme celle-ci doit rester fluide, elle ne recouvre pas assez , il me faut repasser ce trait plusieurs fois.<\/p>\n","protected":false},"excerpt":{"rendered":"<p>\u00e9tapes de construction du tableau \u00ab\u00a0Clochette\u00a0\u00bb 1 &#8211; les id\u00e9es de d\u00e9part Un petit gratouillage sur le bureau&#8230; j&rsquo;ai fais alors, un premier dessin, inspir\u00e9 du \u00ab\u00a0gratouillage\u00a0\u00bb ci dessus. quelques etudes qui m&rsquo;ont amen\u00e9es au dessin suivant. Et voil\u00e0, le choix est fait pour la petite f\u00e9e. Elle est effectivement perch\u00e9e sur une branche, mais l&rsquo;orientation du personnage a chang\u00e9. \u00a0Passons maintenant aux mod\u00e8les pour composer la toile. Cet arbre m&rsquo;inspirait d\u00e9j\u00e0&#8230; \u00c7a se passera dans cet entrelac de feuilles et de branches&#8230; &#8230; on y verra aussi cette maisonnette typique de St-Barth, d&rsquo;apr\u00e8s cette aquarelle que j&rsquo;ai fais il y a pas mal de temps. Et voil\u00e0 le moment de concr\u00e9tiser tout \u00e7a sur la toile. J&rsquo;ai choisi une toile de 92 cm x 73 cm. Elle est d&rsquo;abord recouverte d&rsquo;un apr\u00eat gris assez soutenu. 2 &#8211; Voici les diff\u00e9rentes \u00e9tapes, ci dessous. Je r\u00e9alise que la f\u00e9e est senc\u00e9e se confondre avec les branches&#8230; Alors je refait la couleur du costume pour qu&rsquo;il soit assortis non pas au feuillage, mais bien aux branches. Une petite vid\u00e9o&#8230; le travail est long, car au contraire du papier, la toile n&rsquo;absorbe pas la peinture, et comme celle-ci doit rester fluide, elle ne recouvre pas assez , il me faut repasser ce trait plusieurs fois.<\/p>\n","protected":false},"author":7,"featured_media":1672,"comment_status":"open","ping_status":"closed","sticky":false,"template":"","format":"standard","meta":{"_exactmetrics_skip_tracking":false,"footnotes":""},"categories":[10],"tags":[],"class_list":["post-1656","post","type-post","status-publish","format-standard","has-post-thumbnail","hentry","category-atelier"],"acf":[],"_links":{"self":[{"href":"https:\/\/remylaurentkraft.com\/blog\/wp-json\/wp\/v2\/posts\/1656","targetHints":{"allow":["GET"]}}],"collection":[{"href":"https:\/\/remylaurentkraft.com\/blog\/wp-json\/wp\/v2\/posts"}],"about":[{"href":"https:\/\/remylaurentkraft.com\/blog\/wp-json\/wp\/v2\/types\/post"}],"author":[{"embeddable":true,"href":"https:\/\/remylaurentkraft.com\/blog\/wp-json\/wp\/v2\/users\/7"}],"replies":[{"embeddable":true,"href":"https:\/\/remylaurentkraft.com\/blog\/wp-json\/wp\/v2\/comments?post=1656"}],"version-history":[{"count":7,"href":"https:\/\/remylaurentkraft.com\/blog\/wp-json\/wp\/v2\/posts\/1656\/revisions"}],"predecessor-version":[{"id":1838,"href":"https:\/\/remylaurentkraft.com\/blog\/wp-json\/wp\/v2\/posts\/1656\/revisions\/1838"}],"wp:featuredmedia":[{"embeddable":true,"href":"https:\/\/remylaurentkraft.com\/blog\/wp-json\/wp\/v2\/media\/1672"}],"wp:attachment":[{"href":"https:\/\/remylaurentkraft.com\/blog\/wp-json\/wp\/v2\/media?parent=1656"}],"wp:term":[{"taxonomy":"category","embeddable":true,"href":"https:\/\/remylaurentkraft.com\/blog\/wp-json\/wp\/v2\/categories?post=1656"},{"taxonomy":"post_tag","embeddable":true,"href":"https:\/\/remylaurentkraft.com\/blog\/wp-json\/wp\/v2\/tags?post=1656"}],"curies":[{"name":"wp","href":"https:\/\/api.w.org\/{rel}","templated":true}]}}