{"id":1677,"date":"2014-12-17T16:42:17","date_gmt":"2014-12-17T20:42:17","guid":{"rendered":"http:\/\/remylaurentkraft.com\/blog\/?p=1677"},"modified":"2021-10-24T17:40:01","modified_gmt":"2021-10-24T21:40:01","slug":"tarpons","status":"publish","type":"post","link":"https:\/\/remylaurentkraft.com\/blog\/tarpons\/","title":{"rendered":"Tarpons &#8211; le pas \u00e0 pas"},"content":{"rendered":"<p><strong>\u00e9tapes de construction du tableau \u00ab\u00a0Tarpons\u00a0\u00bb<\/strong><\/p>\n<p>Je laisse provisoirement l&rsquo;\u00eele et ses paysages, pour aller illustrer une des occupations majeure des petites f\u00e9es de St-Barth. \u00c7a se passe cette fois sous l&rsquo;eau. Je n&rsquo;en dit pas plus pour l&rsquo;instant&#8230;<\/p>\n<p align=\"center\">1 &#8211; les id\u00e9es de d\u00e9part<\/p>\n<p><a href=\"https:\/\/remylaurentkraft.com\/blog\/wp-content\/uploads\/2017\/03\/photo-de-base.jpg\"><img loading=\"lazy\" decoding=\"async\" class=\"alignnone size-full wp-image-1689\" src=\"https:\/\/remylaurentkraft.com\/blog\/wp-content\/uploads\/2017\/03\/photo-de-base.jpg\" alt=\"photo-de-base\" width=\"600\" height=\"442\" srcset=\"https:\/\/remylaurentkraft.com\/blog\/wp-content\/uploads\/2017\/03\/photo-de-base.jpg 600w, https:\/\/remylaurentkraft.com\/blog\/wp-content\/uploads\/2017\/03\/photo-de-base-300x221.jpg 300w\" sizes=\"auto, (max-width: 600px) 100vw, 600px\" \/><\/a><\/p>\n<p>tout d&rsquo;abord cette photo<\/p>\n<p>&nbsp;<\/p>\n<p><a href=\"https:\/\/remylaurentkraft.com\/blog\/wp-content\/uploads\/2017\/03\/tarpons9-b.jpg\"><img loading=\"lazy\" decoding=\"async\" class=\"alignnone size-full wp-image-1695\" src=\"https:\/\/remylaurentkraft.com\/blog\/wp-content\/uploads\/2017\/03\/tarpons9-b.jpg\" alt=\"tarpons9-b\" width=\"600\" height=\"476\" srcset=\"https:\/\/remylaurentkraft.com\/blog\/wp-content\/uploads\/2017\/03\/tarpons9-b.jpg 600w, https:\/\/remylaurentkraft.com\/blog\/wp-content\/uploads\/2017\/03\/tarpons9-b-300x238.jpg 300w\" sizes=\"auto, (max-width: 600px) 100vw, 600px\" \/><\/a><\/p>\n<p>D\u00e9sol\u00e9, je n&rsquo;ai pas les \u00e9tapes de la peinture du d\u00e9cor du fond&#8230; C&rsquo;est \u00e0 dire le banc de Tarpons. Mais bon, voici ces fameux \u00ab\u00a0Tarpons\u00a0\u00bb qui vont accompagner la petite f\u00e9e vers un endroit que je ne d\u00e9voilerai pas encore.<\/p>\n<p>&nbsp;<\/p>\n<p><a href=\"https:\/\/remylaurentkraft.com\/blog\/wp-content\/uploads\/2017\/03\/Rendu-1.jpg\"><img loading=\"lazy\" decoding=\"async\" class=\"alignnone size-full wp-image-1690\" src=\"https:\/\/remylaurentkraft.com\/blog\/wp-content\/uploads\/2017\/03\/Rendu-1.jpg\" alt=\"Rendu-1\" width=\"500\" height=\"510\" srcset=\"https:\/\/remylaurentkraft.com\/blog\/wp-content\/uploads\/2017\/03\/Rendu-1.jpg 500w, https:\/\/remylaurentkraft.com\/blog\/wp-content\/uploads\/2017\/03\/Rendu-1-300x306.jpg 300w, https:\/\/remylaurentkraft.com\/blog\/wp-content\/uploads\/2017\/03\/Rendu-1-294x300.jpg 294w\" sizes=\"auto, (max-width: 500px) 100vw, 500px\" \/><\/a><\/p>\n<p>Premi\u00e8re \u00e9tude, cette fois en \u00ab\u00a03D\u00a0\u00bb ci dessus.<\/p>\n<p>&nbsp;<\/p>\n<p><a href=\"https:\/\/remylaurentkraft.com\/blog\/wp-content\/uploads\/2017\/03\/def-dessin.jpg\"><img loading=\"lazy\" decoding=\"async\" class=\"alignnone size-full wp-image-1679\" src=\"https:\/\/remylaurentkraft.com\/blog\/wp-content\/uploads\/2017\/03\/def-dessin.jpg\" alt=\"def-dessin\" width=\"600\" height=\"425\" srcset=\"https:\/\/remylaurentkraft.com\/blog\/wp-content\/uploads\/2017\/03\/def-dessin.jpg 600w, https:\/\/remylaurentkraft.com\/blog\/wp-content\/uploads\/2017\/03\/def-dessin-300x213.jpg 300w\" sizes=\"auto, (max-width: 600px) 100vw, 600px\" \/><\/a><\/p>\n<p>Ensuite, bien s\u00fbr, le dessin.<\/p>\n<p>&nbsp;<\/p>\n<p><a href=\"https:\/\/remylaurentkraft.com\/blog\/wp-content\/uploads\/2017\/03\/etape1.jpg\"><img loading=\"lazy\" decoding=\"async\" class=\"alignnone size-full wp-image-1680\" src=\"https:\/\/remylaurentkraft.com\/blog\/wp-content\/uploads\/2017\/03\/etape1.jpg\" alt=\"etape1\" width=\"600\" height=\"476\" srcset=\"https:\/\/remylaurentkraft.com\/blog\/wp-content\/uploads\/2017\/03\/etape1.jpg 600w, https:\/\/remylaurentkraft.com\/blog\/wp-content\/uploads\/2017\/03\/etape1-300x238.jpg 300w\" sizes=\"auto, (max-width: 600px) 100vw, 600px\" \/><\/a><\/p>\n<p>Etape-1 : Et voil\u00e0, le choix est fait pour la petite f\u00e9e. Alors je commence \u00e0 l&rsquo;incorporer au tableau<\/p>\n<p>&nbsp;<\/p>\n<p>.\u00a0<a href=\"https:\/\/remylaurentkraft.com\/blog\/wp-content\/uploads\/2017\/03\/etape2.jpg\"><img loading=\"lazy\" decoding=\"async\" class=\"alignnone size-full wp-image-1681\" src=\"https:\/\/remylaurentkraft.com\/blog\/wp-content\/uploads\/2017\/03\/etape2.jpg\" alt=\"etape2\" width=\"600\" height=\"476\" srcset=\"https:\/\/remylaurentkraft.com\/blog\/wp-content\/uploads\/2017\/03\/etape2.jpg 600w, https:\/\/remylaurentkraft.com\/blog\/wp-content\/uploads\/2017\/03\/etape2-300x238.jpg 300w\" sizes=\"auto, (max-width: 600px) 100vw, 600px\" \/><\/a><\/p>\n<p>Etape-2 : Apr\u00e8s un petit fond l\u00e9ger de couleur, pour recouvrir les Tarpons, je commence \u00e0 m&rsquo;occuper de la peau de la f\u00e9e.<\/p>\n<p>&nbsp;<\/p>\n<p><a href=\"https:\/\/remylaurentkraft.com\/blog\/wp-content\/uploads\/2017\/03\/etape3.jpg\"><img loading=\"lazy\" decoding=\"async\" class=\"alignnone size-full wp-image-1683\" src=\"https:\/\/remylaurentkraft.com\/blog\/wp-content\/uploads\/2017\/03\/etape3.jpg\" alt=\"etape3\" width=\"600\" height=\"476\" srcset=\"https:\/\/remylaurentkraft.com\/blog\/wp-content\/uploads\/2017\/03\/etape3.jpg 600w, https:\/\/remylaurentkraft.com\/blog\/wp-content\/uploads\/2017\/03\/etape3-300x238.jpg 300w\" sizes=\"auto, (max-width: 600px) 100vw, 600px\" \/><\/a><\/p>\n<p>Etape-3 : J&rsquo;ai corrig\u00e9 la cuisse, et finalement refait la jambe enti\u00e8re&#8230; elle \u00e9tait trop petite! Je commence aussi \u00e0 poser, et d\u00e9tailler, les accessoires du costume.<\/p>\n<p>&nbsp;<\/p>\n<p><a href=\"https:\/\/remylaurentkraft.com\/blog\/wp-content\/uploads\/2017\/03\/etape3-2.jpg\"><img loading=\"lazy\" decoding=\"async\" class=\"alignnone size-full wp-image-1682\" src=\"https:\/\/remylaurentkraft.com\/blog\/wp-content\/uploads\/2017\/03\/etape3-2.jpg\" alt=\"etape3-2\" width=\"600\" height=\"467\" srcset=\"https:\/\/remylaurentkraft.com\/blog\/wp-content\/uploads\/2017\/03\/etape3-2.jpg 600w, https:\/\/remylaurentkraft.com\/blog\/wp-content\/uploads\/2017\/03\/etape3-2-300x234.jpg 300w\" sizes=\"auto, (max-width: 600px) 100vw, 600px\" \/><\/a><\/p>\n<p>&#8230; \u00e9tant donn\u00e9 que les poissons du fond sont \u00e0 peu pr\u00e8s termin\u00e9s, le travail principal se fait sur la petite f\u00e9e.<\/p>\n<p>&nbsp;<\/p>\n<p><a href=\"https:\/\/remylaurentkraft.com\/blog\/wp-content\/uploads\/2017\/03\/etape4.jpg\"><img loading=\"lazy\" decoding=\"async\" class=\"alignnone size-full wp-image-1684\" src=\"https:\/\/remylaurentkraft.com\/blog\/wp-content\/uploads\/2017\/03\/etape4.jpg\" alt=\"etape4\" width=\"600\" height=\"467\" srcset=\"https:\/\/remylaurentkraft.com\/blog\/wp-content\/uploads\/2017\/03\/etape4.jpg 600w, https:\/\/remylaurentkraft.com\/blog\/wp-content\/uploads\/2017\/03\/etape4-300x234.jpg 300w\" sizes=\"auto, (max-width: 600px) 100vw, 600px\" \/><\/a><\/p>\n<p>Etape-4 : Dans cette s\u00e9quence, le travail a port\u00e9 surtout sur les v\u00eatements. J&rsquo;ai aussi corrig\u00e9 le visage qui ne me convenait pas. Les yeux notament, et la forme du contour du visage. Cependant, je vais encore y revenir&#8230; La couleur de la peau a re\u00e7u aussi une couche suppl\u00e9mentaire ce qui va faciliter la finition. Travail aussi sur l&rsquo;\u00e9p\u00e9e&#8230; les ailes aussi. De toutes fa\u00e7ons, comme d&rsquo;habitude, je travaille un peu tout \u00e0 la fois.<\/p>\n<p>&nbsp;<\/p>\n<p><a href=\"https:\/\/remylaurentkraft.com\/blog\/wp-content\/uploads\/2017\/03\/etape5.jpg\"><img loading=\"lazy\" decoding=\"async\" class=\"alignnone size-full wp-image-1685\" src=\"https:\/\/remylaurentkraft.com\/blog\/wp-content\/uploads\/2017\/03\/etape5.jpg\" alt=\"etape5\" width=\"600\" height=\"467\" srcset=\"https:\/\/remylaurentkraft.com\/blog\/wp-content\/uploads\/2017\/03\/etape5.jpg 600w, https:\/\/remylaurentkraft.com\/blog\/wp-content\/uploads\/2017\/03\/etape5-300x234.jpg 300w\" sizes=\"auto, (max-width: 600px) 100vw, 600px\" \/><\/a><\/p>\n<p>Etape-5 : le visage commence \u00e0 me convenir, et les couleurs sont bient\u00f4t termin\u00e9es. Il reste \u00e0 assombrir les couleurs pour marier tout \u00e7a avec les Tarpons du fond. Les ailes doivent aussi \u00eatre travaill\u00e9es pour prendre de la transparence.<\/p>\n<p>&nbsp;<\/p>\n<p><a href=\"https:\/\/remylaurentkraft.com\/blog\/wp-content\/uploads\/2017\/03\/etape6.jpg\"><img loading=\"lazy\" decoding=\"async\" class=\"alignnone size-full wp-image-1686\" src=\"https:\/\/remylaurentkraft.com\/blog\/wp-content\/uploads\/2017\/03\/etape6.jpg\" alt=\"etape6\" width=\"600\" height=\"537\" srcset=\"https:\/\/remylaurentkraft.com\/blog\/wp-content\/uploads\/2017\/03\/etape6.jpg 600w, https:\/\/remylaurentkraft.com\/blog\/wp-content\/uploads\/2017\/03\/etape6-300x269.jpg 300w\" sizes=\"auto, (max-width: 600px) 100vw, 600px\" \/><\/a><\/p>\n<p>Etape-6 : Bon&#8230; le visage est correcte, et les lumi\u00e8res sur l&rsquo;avant du corps commencent \u00e0 \u00eatre pas trop mal.<\/p>\n<p>&nbsp;<\/p>\n<p><a href=\"https:\/\/remylaurentkraft.com\/blog\/wp-content\/uploads\/2017\/03\/etape8.jpg\"><img loading=\"lazy\" decoding=\"async\" class=\"alignnone size-full wp-image-1688\" src=\"https:\/\/remylaurentkraft.com\/blog\/wp-content\/uploads\/2017\/03\/etape8.jpg\" alt=\"etape8\" width=\"600\" height=\"476\" srcset=\"https:\/\/remylaurentkraft.com\/blog\/wp-content\/uploads\/2017\/03\/etape8.jpg 600w, https:\/\/remylaurentkraft.com\/blog\/wp-content\/uploads\/2017\/03\/etape8-300x238.jpg 300w\" sizes=\"auto, (max-width: 600px) 100vw, 600px\" \/><\/a><\/p>\n<p>C&rsquo;est termin\u00e9<\/p>\n","protected":false},"excerpt":{"rendered":"<p>\u00e9tapes de construction du tableau \u00ab\u00a0Tarpons\u00a0\u00bb Je laisse provisoirement l&rsquo;\u00eele et ses paysages, pour aller illustrer une des occupations majeure des petites f\u00e9es de St-Barth. \u00c7a se passe cette fois sous l&rsquo;eau. Je n&rsquo;en dit pas plus pour l&rsquo;instant&#8230; 1 &#8211; les id\u00e9es de d\u00e9part tout d&rsquo;abord cette photo &nbsp; D\u00e9sol\u00e9, je n&rsquo;ai pas les \u00e9tapes de la peinture du d\u00e9cor du fond&#8230; C&rsquo;est \u00e0 dire le banc de Tarpons. Mais bon, voici ces fameux \u00ab\u00a0Tarpons\u00a0\u00bb qui vont accompagner la petite f\u00e9e vers un endroit que je ne d\u00e9voilerai pas encore. &nbsp; Premi\u00e8re \u00e9tude, cette fois en \u00ab\u00a03D\u00a0\u00bb ci dessus. &nbsp; Ensuite, bien s\u00fbr, le dessin. &nbsp; Etape-1 : Et voil\u00e0, le choix est fait pour la petite f\u00e9e. Alors je commence \u00e0 l&rsquo;incorporer au tableau &nbsp; .\u00a0 Etape-2 : Apr\u00e8s un petit fond l\u00e9ger de couleur, pour recouvrir les Tarpons, je commence \u00e0 m&rsquo;occuper de la peau de la f\u00e9e. &nbsp; Etape-3 : J&rsquo;ai corrig\u00e9 la cuisse, et finalement refait la jambe enti\u00e8re&#8230; elle \u00e9tait trop petite! Je commence aussi \u00e0 poser, et d\u00e9tailler, les accessoires du costume. &nbsp; &#8230; \u00e9tant donn\u00e9 que les poissons du fond sont \u00e0 peu pr\u00e8s termin\u00e9s, le travail principal se fait sur la petite f\u00e9e. &nbsp; Etape-4 : Dans cette s\u00e9quence, le travail a port\u00e9 surtout sur les v\u00eatements. J&rsquo;ai aussi corrig\u00e9 le visage qui ne me convenait pas. Les yeux notament, et la forme du contour du visage. Cependant, je vais encore y revenir&#8230; La couleur de la peau a re\u00e7u aussi une couche suppl\u00e9mentaire ce qui va faciliter la finition. Travail aussi sur l&rsquo;\u00e9p\u00e9e&#8230; les ailes aussi. De toutes fa\u00e7ons, comme d&rsquo;habitude, je travaille un peu tout \u00e0 la fois. &nbsp; Etape-5 : le visage commence \u00e0 me convenir, et les couleurs sont bient\u00f4t termin\u00e9es. Il reste \u00e0 assombrir les couleurs pour marier tout \u00e7a avec les Tarpons du fond. Les ailes doivent aussi \u00eatre travaill\u00e9es pour prendre de la transparence. &nbsp; Etape-6 : Bon&#8230; le visage est correcte, et les lumi\u00e8res sur l&rsquo;avant du corps commencent \u00e0 \u00eatre pas trop mal. &nbsp; C&rsquo;est termin\u00e9<\/p>\n","protected":false},"author":7,"featured_media":1686,"comment_status":"open","ping_status":"closed","sticky":false,"template":"","format":"standard","meta":{"_exactmetrics_skip_tracking":false,"footnotes":""},"categories":[10],"tags":[],"class_list":["post-1677","post","type-post","status-publish","format-standard","has-post-thumbnail","hentry","category-atelier"],"acf":[],"_links":{"self":[{"href":"https:\/\/remylaurentkraft.com\/blog\/wp-json\/wp\/v2\/posts\/1677","targetHints":{"allow":["GET"]}}],"collection":[{"href":"https:\/\/remylaurentkraft.com\/blog\/wp-json\/wp\/v2\/posts"}],"about":[{"href":"https:\/\/remylaurentkraft.com\/blog\/wp-json\/wp\/v2\/types\/post"}],"author":[{"embeddable":true,"href":"https:\/\/remylaurentkraft.com\/blog\/wp-json\/wp\/v2\/users\/7"}],"replies":[{"embeddable":true,"href":"https:\/\/remylaurentkraft.com\/blog\/wp-json\/wp\/v2\/comments?post=1677"}],"version-history":[{"count":4,"href":"https:\/\/remylaurentkraft.com\/blog\/wp-json\/wp\/v2\/posts\/1677\/revisions"}],"predecessor-version":[{"id":1696,"href":"https:\/\/remylaurentkraft.com\/blog\/wp-json\/wp\/v2\/posts\/1677\/revisions\/1696"}],"wp:featuredmedia":[{"embeddable":true,"href":"https:\/\/remylaurentkraft.com\/blog\/wp-json\/wp\/v2\/media\/1686"}],"wp:attachment":[{"href":"https:\/\/remylaurentkraft.com\/blog\/wp-json\/wp\/v2\/media?parent=1677"}],"wp:term":[{"taxonomy":"category","embeddable":true,"href":"https:\/\/remylaurentkraft.com\/blog\/wp-json\/wp\/v2\/categories?post=1677"},{"taxonomy":"post_tag","embeddable":true,"href":"https:\/\/remylaurentkraft.com\/blog\/wp-json\/wp\/v2\/tags?post=1677"}],"curies":[{"name":"wp","href":"https:\/\/api.w.org\/{rel}","templated":true}]}}