{"id":1821,"date":"2018-12-15T03:21:42","date_gmt":"2018-12-15T07:21:42","guid":{"rendered":"http:\/\/remylaurentkraft.com\/blog\/?p=1821"},"modified":"2021-10-24T17:25:47","modified_gmt":"2021-10-24T21:25:47","slug":"virage-toile","status":"publish","type":"post","link":"https:\/\/remylaurentkraft.com\/blog\/virage-toile\/","title":{"rendered":"Virage"},"content":{"rendered":"<p><a href=\"https:\/\/remylaurentkraft.com\/blog\/2016\/02\/10\/galerie-fairy\/\"><em>&lt; Galerie Fairy<\/em><\/a><\/p>\n<p><strong>Virage<\/strong> &#8211; acrylique sur toile 100cm x 80cm<\/p>\n<p style=\"text-align: left;\"><a title=\"\" href=\"https:\/\/remylaurentkraft.com\/blog\/wp-content\/uploads\/2016\/02\/virage.jpg\" target=\"_blank\" rel=\"noopener noreferrer\"><img loading=\"lazy\" decoding=\"async\" class=\"alignnone wp-image-351\" title=\"\" src=\"https:\/\/remylaurentkraft.com\/blog\/wp-content\/uploads\/2016\/02\/virage.jpg\" alt=\"\" width=\"600\" height=\"484\" srcset=\"https:\/\/remylaurentkraft.com\/blog\/wp-content\/uploads\/2016\/02\/virage.jpg 1000w, https:\/\/remylaurentkraft.com\/blog\/wp-content\/uploads\/2016\/02\/virage-300x242.jpg 300w, https:\/\/remylaurentkraft.com\/blog\/wp-content\/uploads\/2016\/02\/virage-768x619.jpg 768w\" sizes=\"auto, (max-width: 600px) 100vw, 600px\" \/><\/a><\/p>\n<p>Fin de matin\u00e9e ensoleill\u00e9e&#8230;<br \/>\nUne petite route au b\u00e9ton craquel\u00e9<br \/>\nSerpente au gr\u00e9 des collines.<br \/>\nTout est tranquille.<br \/>\nPr\u00e8s d\u2019une jolie case&#8230;<br \/>\nDans un pr\u00e9, un petit \u00e2ne&#8230;<br \/>\nPlus loin, maman biquette et ses cabris&#8230;<\/p>\n<p>Et une petite f\u00e9e,<br \/>\nCamoufl\u00e9e dans les feuillages.<br \/>\nFronce les sourcils&#8230;<br \/>\nPourquoi ?<br \/>\nEst-elle contrari\u00e9e ?<br \/>\nEt sinon, par quoi ?<br \/>\nEst-ce le \u201cjeu mysterieux\u201d ?<\/p>\n<p>&nbsp;<\/p>\n","protected":false},"excerpt":{"rendered":"<p>&lt; Galerie Fairy Virage &#8211; acrylique sur toile 100cm x 80cm Fin de matin\u00e9e ensoleill\u00e9e&#8230; Une petite route au b\u00e9ton craquel\u00e9 Serpente au gr\u00e9 des collines. Tout est tranquille. Pr\u00e8s d\u2019une jolie case&#8230; Dans un pr\u00e9, un petit \u00e2ne&#8230; Plus loin, maman biquette et ses cabris&#8230; Et une petite f\u00e9e, Camoufl\u00e9e dans les feuillages. Fronce les sourcils&#8230; Pourquoi ? Est-elle contrari\u00e9e ? Et sinon, par quoi ? Est-ce le \u201cjeu mysterieux\u201d ? &nbsp;<\/p>\n","protected":false},"author":7,"featured_media":351,"comment_status":"open","ping_status":"closed","sticky":true,"template":"","format":"standard","meta":{"_exactmetrics_skip_tracking":false,"footnotes":""},"categories":[12],"tags":[],"class_list":["post-1821","post","type-post","status-publish","format-standard","has-post-thumbnail","hentry","category-peinture"],"acf":[],"_links":{"self":[{"href":"https:\/\/remylaurentkraft.com\/blog\/wp-json\/wp\/v2\/posts\/1821","targetHints":{"allow":["GET"]}}],"collection":[{"href":"https:\/\/remylaurentkraft.com\/blog\/wp-json\/wp\/v2\/posts"}],"about":[{"href":"https:\/\/remylaurentkraft.com\/blog\/wp-json\/wp\/v2\/types\/post"}],"author":[{"embeddable":true,"href":"https:\/\/remylaurentkraft.com\/blog\/wp-json\/wp\/v2\/users\/7"}],"replies":[{"embeddable":true,"href":"https:\/\/remylaurentkraft.com\/blog\/wp-json\/wp\/v2\/comments?post=1821"}],"version-history":[{"count":4,"href":"https:\/\/remylaurentkraft.com\/blog\/wp-json\/wp\/v2\/posts\/1821\/revisions"}],"predecessor-version":[{"id":2148,"href":"https:\/\/remylaurentkraft.com\/blog\/wp-json\/wp\/v2\/posts\/1821\/revisions\/2148"}],"wp:featuredmedia":[{"embeddable":true,"href":"https:\/\/remylaurentkraft.com\/blog\/wp-json\/wp\/v2\/media\/351"}],"wp:attachment":[{"href":"https:\/\/remylaurentkraft.com\/blog\/wp-json\/wp\/v2\/media?parent=1821"}],"wp:term":[{"taxonomy":"category","embeddable":true,"href":"https:\/\/remylaurentkraft.com\/blog\/wp-json\/wp\/v2\/categories?post=1821"},{"taxonomy":"post_tag","embeddable":true,"href":"https:\/\/remylaurentkraft.com\/blog\/wp-json\/wp\/v2\/tags?post=1821"}],"curies":[{"name":"wp","href":"https:\/\/api.w.org\/{rel}","templated":true}]}}