{"id":1828,"date":"2018-12-15T03:40:14","date_gmt":"2018-12-15T07:40:14","guid":{"rendered":"http:\/\/remylaurentkraft.com\/blog\/?p=1828"},"modified":"2021-10-24T17:25:24","modified_gmt":"2021-10-24T21:25:24","slug":"palm-toile","status":"publish","type":"post","link":"https:\/\/remylaurentkraft.com\/blog\/palm-toile\/","title":{"rendered":"Palm"},"content":{"rendered":"<p><a href=\"https:\/\/remylaurentkraft.com\/blog\/2016\/02\/10\/galerie-fairy\/\"><em>&lt; Galerie Fairy<\/em><\/a><\/p>\n<p><strong>Palm<\/strong> &#8211; acrylique sur toile 100cm x 78cm<\/p>\n<p style=\"text-align: left;\"><a title=\"\" href=\"https:\/\/remylaurentkraft.com\/blog\/wp-content\/uploads\/2016\/02\/Fairy-Palm.jpg\" target=\"_blank\" rel=\"noopener noreferrer\"><img loading=\"lazy\" decoding=\"async\" class=\"alignnone wp-image-354\" title=\"\" src=\"https:\/\/remylaurentkraft.com\/blog\/wp-content\/uploads\/2016\/02\/Fairy-Palm.jpg\" alt=\"\" width=\"600\" height=\"439\" srcset=\"https:\/\/remylaurentkraft.com\/blog\/wp-content\/uploads\/2016\/02\/Fairy-Palm.jpg 1000w, https:\/\/remylaurentkraft.com\/blog\/wp-content\/uploads\/2016\/02\/Fairy-Palm-300x219.jpg 300w, https:\/\/remylaurentkraft.com\/blog\/wp-content\/uploads\/2016\/02\/Fairy-Palm-768x561.jpg 768w\" sizes=\"auto, (max-width: 600px) 100vw, 600px\" \/><\/a><\/p>\n<p>Au fond d\u2019une autre petite anse&#8230;<br \/>\nTout pr\u00e8s d\u2019une plage de sable blanc.<br \/>\nUne case sous de grands Lataniers.<\/p>\n<p>Le coq, perch\u00e9 sur une jolie barque<br \/>\nSurveille ses poules&#8230;<br \/>\nTout est calme&#8230;<\/p>\n<p>Deux petites f\u00e9es,<br \/>\nPerch\u00e9es dans les feuillages.<br \/>\nFont le guet.<br \/>\nMais pourquoi ?<br \/>\nQue guettent t-elle ?<br \/>\nEst-ce pour le \u201cjeu mysterieux\u201d ?<\/p>\n<p>&nbsp;<\/p>\n<p>&nbsp;<\/p>\n","protected":false},"excerpt":{"rendered":"<p>&lt; Galerie Fairy Palm &#8211; acrylique sur toile 100cm x 78cm Au fond d\u2019une autre petite anse&#8230; Tout pr\u00e8s d\u2019une plage de sable blanc. Une case sous de grands Lataniers. Le coq, perch\u00e9 sur une jolie barque Surveille ses poules&#8230; Tout est calme&#8230; Deux petites f\u00e9es, Perch\u00e9es dans les feuillages. Font le guet. Mais pourquoi ? Que guettent t-elle ? Est-ce pour le \u201cjeu mysterieux\u201d ? &nbsp; &nbsp;<\/p>\n","protected":false},"author":7,"featured_media":354,"comment_status":"open","ping_status":"closed","sticky":false,"template":"","format":"standard","meta":{"_exactmetrics_skip_tracking":false,"footnotes":""},"categories":[12],"tags":[],"class_list":["post-1828","post","type-post","status-publish","format-standard","has-post-thumbnail","hentry","category-peinture"],"acf":[],"_links":{"self":[{"href":"https:\/\/remylaurentkraft.com\/blog\/wp-json\/wp\/v2\/posts\/1828","targetHints":{"allow":["GET"]}}],"collection":[{"href":"https:\/\/remylaurentkraft.com\/blog\/wp-json\/wp\/v2\/posts"}],"about":[{"href":"https:\/\/remylaurentkraft.com\/blog\/wp-json\/wp\/v2\/types\/post"}],"author":[{"embeddable":true,"href":"https:\/\/remylaurentkraft.com\/blog\/wp-json\/wp\/v2\/users\/7"}],"replies":[{"embeddable":true,"href":"https:\/\/remylaurentkraft.com\/blog\/wp-json\/wp\/v2\/comments?post=1828"}],"version-history":[{"count":3,"href":"https:\/\/remylaurentkraft.com\/blog\/wp-json\/wp\/v2\/posts\/1828\/revisions"}],"predecessor-version":[{"id":2150,"href":"https:\/\/remylaurentkraft.com\/blog\/wp-json\/wp\/v2\/posts\/1828\/revisions\/2150"}],"wp:featuredmedia":[{"embeddable":true,"href":"https:\/\/remylaurentkraft.com\/blog\/wp-json\/wp\/v2\/media\/354"}],"wp:attachment":[{"href":"https:\/\/remylaurentkraft.com\/blog\/wp-json\/wp\/v2\/media?parent=1828"}],"wp:term":[{"taxonomy":"category","embeddable":true,"href":"https:\/\/remylaurentkraft.com\/blog\/wp-json\/wp\/v2\/categories?post=1828"},{"taxonomy":"post_tag","embeddable":true,"href":"https:\/\/remylaurentkraft.com\/blog\/wp-json\/wp\/v2\/tags?post=1828"}],"curies":[{"name":"wp","href":"https:\/\/api.w.org\/{rel}","templated":true}]}}