{"id":1832,"date":"2018-12-15T04:54:43","date_gmt":"2018-12-15T08:54:43","guid":{"rendered":"http:\/\/remylaurentkraft.com\/blog\/?p=1832"},"modified":"2021-10-24T17:25:13","modified_gmt":"2021-10-24T21:25:13","slug":"la-fee-et-le-fou-toile","status":"publish","type":"post","link":"https:\/\/remylaurentkraft.com\/blog\/la-fee-et-le-fou-toile\/","title":{"rendered":"La f\u00e9e et le fou"},"content":{"rendered":"<p><a href=\"https:\/\/remylaurentkraft.com\/blog\/2016\/02\/10\/galerie-fairy\/\"><em>&lt; Galerie Fairy<\/em><\/a><\/p>\n<p><strong>La f\u00e9e et le fou<\/strong> &#8211; acrylique sur toile 73cm x 60cm<\/p>\n<p style=\"text-align: left;\"><a title=\"\" href=\"https:\/\/remylaurentkraft.com\/blog\/wp-content\/uploads\/2016\/02\/la-fee-et-le-fou.jpg\" target=\"_blank\" rel=\"noopener noreferrer\"><img loading=\"lazy\" decoding=\"async\" class=\"alignnone wp-image-353\" title=\"\" src=\"https:\/\/remylaurentkraft.com\/blog\/wp-content\/uploads\/2016\/02\/la-fee-et-le-fou.jpg\" alt=\"\" width=\"600\" height=\"493\" srcset=\"https:\/\/remylaurentkraft.com\/blog\/wp-content\/uploads\/2016\/02\/la-fee-et-le-fou.jpg 1000w, https:\/\/remylaurentkraft.com\/blog\/wp-content\/uploads\/2016\/02\/la-fee-et-le-fou-300x247.jpg 300w, https:\/\/remylaurentkraft.com\/blog\/wp-content\/uploads\/2016\/02\/la-fee-et-le-fou-768x631.jpg 768w\" sizes=\"auto, (max-width: 600px) 100vw, 600px\" \/><\/a><\/p>\n<p>Dans le lit du vent<br \/>\nLes Fous de Bassan s\u2019enfuient<\/p>\n<p>Devant&#8230; qui<br \/>\nDevant quoi<br \/>\n&#8230; on ne le sait pas.<br \/>\nLa f\u00e9e ne le dit pas&#8230;<\/p>\n<p>Peut-\u00eatre trop de gens<br \/>\ndes m\u00e9chants, surement!<br \/>\ncertainement violents&#8230;<br \/>\nEt bien plus que le vent.<\/p>\n<p>&nbsp;<\/p>\n<p>&nbsp;<\/p>\n<p>&nbsp;<\/p>\n","protected":false},"excerpt":{"rendered":"<p>&lt; Galerie Fairy La f\u00e9e et le fou &#8211; acrylique sur toile 73cm x 60cm Dans le lit du vent Les Fous de Bassan s\u2019enfuient Devant&#8230; qui Devant quoi &#8230; on ne le sait pas. La f\u00e9e ne le dit pas&#8230; Peut-\u00eatre trop de gens des m\u00e9chants, surement! certainement violents&#8230; Et bien plus que le vent. &nbsp; &nbsp; &nbsp;<\/p>\n","protected":false},"author":7,"featured_media":353,"comment_status":"open","ping_status":"closed","sticky":false,"template":"","format":"standard","meta":{"_exactmetrics_skip_tracking":false,"footnotes":""},"categories":[12],"tags":[],"class_list":["post-1832","post","type-post","status-publish","format-standard","has-post-thumbnail","hentry","category-peinture"],"acf":[],"_links":{"self":[{"href":"https:\/\/remylaurentkraft.com\/blog\/wp-json\/wp\/v2\/posts\/1832","targetHints":{"allow":["GET"]}}],"collection":[{"href":"https:\/\/remylaurentkraft.com\/blog\/wp-json\/wp\/v2\/posts"}],"about":[{"href":"https:\/\/remylaurentkraft.com\/blog\/wp-json\/wp\/v2\/types\/post"}],"author":[{"embeddable":true,"href":"https:\/\/remylaurentkraft.com\/blog\/wp-json\/wp\/v2\/users\/7"}],"replies":[{"embeddable":true,"href":"https:\/\/remylaurentkraft.com\/blog\/wp-json\/wp\/v2\/comments?post=1832"}],"version-history":[{"count":4,"href":"https:\/\/remylaurentkraft.com\/blog\/wp-json\/wp\/v2\/posts\/1832\/revisions"}],"predecessor-version":[{"id":2151,"href":"https:\/\/remylaurentkraft.com\/blog\/wp-json\/wp\/v2\/posts\/1832\/revisions\/2151"}],"wp:featuredmedia":[{"embeddable":true,"href":"https:\/\/remylaurentkraft.com\/blog\/wp-json\/wp\/v2\/media\/353"}],"wp:attachment":[{"href":"https:\/\/remylaurentkraft.com\/blog\/wp-json\/wp\/v2\/media?parent=1832"}],"wp:term":[{"taxonomy":"category","embeddable":true,"href":"https:\/\/remylaurentkraft.com\/blog\/wp-json\/wp\/v2\/categories?post=1832"},{"taxonomy":"post_tag","embeddable":true,"href":"https:\/\/remylaurentkraft.com\/blog\/wp-json\/wp\/v2\/tags?post=1832"}],"curies":[{"name":"wp","href":"https:\/\/api.w.org\/{rel}","templated":true}]}}