{"id":1886,"date":"2019-10-23T07:58:04","date_gmt":"2019-10-23T11:58:04","guid":{"rendered":"http:\/\/remylaurentkraft.com\/blog\/?p=1886"},"modified":"2024-09-07T02:52:17","modified_gmt":"2024-09-07T00:52:17","slug":"collection-7-jours","status":"publish","type":"post","link":"https:\/\/remylaurentkraft.com\/blog\/collection-7-jours\/","title":{"rendered":"collection 7 jours"},"content":{"rendered":"<p>\u00c0 travers les activit\u00e9s des enfants, au march\u00e9, \u00e0 la p\u00eache, la cueillette, etc&#8230; partez \u00e0 la d\u00e9couverte des \u00eeles des Cara\u00efbes, de r\u00e9gions de m\u00e9tropole, ou bien de grandes cit\u00e9es.<\/p>\n<p>Livres bilingue : Fran\u00e7ais-Anglais.<\/p>\n<p>&nbsp;<\/p>\n<p><a href=\"https:\/\/remylaurentkraft.com\/blog\/7-jours-a-st-barth-2\/\" target=\"_blank\" rel=\"noopener\"><img loading=\"lazy\" decoding=\"async\" class=\"alignnone wp-image-83 size-large\" style=\"outline: red dashed 1px;\" title=\"\" src=\"https:\/\/remylaurentkraft.com\/blog\/wp-content\/uploads\/2015\/11\/7-jours-book-1024x749.jpg\" alt=\"\" width=\"960\" height=\"702\" data-darkreader-inline-outline=\"\" srcset=\"https:\/\/remylaurentkraft.com\/blog\/wp-content\/uploads\/2015\/11\/7-jours-book-1024x749.jpg 1024w, https:\/\/remylaurentkraft.com\/blog\/wp-content\/uploads\/2015\/11\/7-jours-book-300x219.jpg 300w, https:\/\/remylaurentkraft.com\/blog\/wp-content\/uploads\/2015\/11\/7-jours-book.jpg 1104w\" sizes=\"auto, (max-width: 960px) 100vw, 960px\" \/><\/a><a href=\"https:\/\/remylaurentkraft.com\/blog\/7-jours-aux-saintes\/\" target=\"_blank\" rel=\"noopener\"><img loading=\"lazy\" decoding=\"async\" class=\"alignnone wp-image-69 size-large\" src=\"https:\/\/remylaurentkraft.com\/blog\/wp-content\/uploads\/2015\/11\/book-saintes-1024x710.jpg\" alt=\"\" width=\"960\" height=\"666\" \/><\/a> <a href=\"https:\/\/remylaurentkraft.com\/blog\/7-jours-en-guadeloupe\/\" target=\"_blank\" rel=\"noopener\"><img loading=\"lazy\" decoding=\"async\" class=\"alignnone wp-image-70 size-large\" src=\"https:\/\/remylaurentkraft.com\/blog\/wp-content\/uploads\/2015\/11\/montage-cover-guad-1024x710.jpg\" alt=\"\" width=\"960\" height=\"666\" srcset=\"https:\/\/remylaurentkraft.com\/blog\/wp-content\/uploads\/2015\/11\/montage-cover-guad-1024x710.jpg 1024w, https:\/\/remylaurentkraft.com\/blog\/wp-content\/uploads\/2015\/11\/montage-cover-guad-300x208.jpg 300w, https:\/\/remylaurentkraft.com\/blog\/wp-content\/uploads\/2015\/11\/montage-cover-guad.jpg 1143w\" sizes=\"auto, (max-width: 960px) 100vw, 960px\" \/><\/a>\u00a0 <a href=\"https:\/\/remylaurentkraft.com\/blog\/7-jours-en-martinique\/\" target=\"_blank\" rel=\"noopener\"><img loading=\"lazy\" decoding=\"async\" class=\"alignnone wp-image-1385 size-large\" src=\"https:\/\/remylaurentkraft.com\/blog\/wp-content\/uploads\/2016\/05\/cover-martinique-1024x710.jpg\" alt=\"\" width=\"960\" height=\"666\" srcset=\"https:\/\/remylaurentkraft.com\/blog\/wp-content\/uploads\/2016\/05\/cover-martinique-1024x710.jpg 1024w, https:\/\/remylaurentkraft.com\/blog\/wp-content\/uploads\/2016\/05\/cover-martinique-300x208.jpg 300w, https:\/\/remylaurentkraft.com\/blog\/wp-content\/uploads\/2016\/05\/cover-martinique-768x533.jpg 768w, https:\/\/remylaurentkraft.com\/blog\/wp-content\/uploads\/2016\/05\/cover-martinique.jpg 1143w\" sizes=\"auto, (max-width: 960px) 100vw, 960px\" \/><\/a><\/p>\n<p><a href=\"https:\/\/remylaurentkraft.com\/blog\/7-jours-en-bretagne\/\" target=\"_blank\" rel=\"noopener\"><img loading=\"lazy\" decoding=\"async\" class=\"alignnone size-full wp-image-2697\" src=\"https:\/\/remylaurentkraft.com\/blog\/wp-content\/uploads\/2021\/10\/cover-Bretagne-2024.jpg\" alt=\"\" width=\"1143\" height=\"793\" srcset=\"https:\/\/remylaurentkraft.com\/blog\/wp-content\/uploads\/2021\/10\/cover-Bretagne-2024.jpg 1143w, https:\/\/remylaurentkraft.com\/blog\/wp-content\/uploads\/2021\/10\/cover-Bretagne-2024-300x208.jpg 300w, https:\/\/remylaurentkraft.com\/blog\/wp-content\/uploads\/2021\/10\/cover-Bretagne-2024-1024x710.jpg 1024w, https:\/\/remylaurentkraft.com\/blog\/wp-content\/uploads\/2021\/10\/cover-Bretagne-2024-768x533.jpg 768w, https:\/\/remylaurentkraft.com\/blog\/wp-content\/uploads\/2021\/10\/cover-Bretagne-2024-1140x791.jpg 1140w\" sizes=\"auto, (max-width: 1143px) 100vw, 1143px\" \/><\/a><a href=\"https:\/\/remylaurentkraft.com\/blog\/7-jours-a-paris\/\" target=\"_blank\" rel=\"noopener\"><img loading=\"lazy\" decoding=\"async\" class=\"alignnone size-full wp-image-2341\" src=\"https:\/\/remylaurentkraft.com\/blog\/wp-content\/uploads\/2021\/10\/cover-paris-3.jpg\" alt=\"\" width=\"1000\" height=\"694\" srcset=\"https:\/\/remylaurentkraft.com\/blog\/wp-content\/uploads\/2021\/10\/cover-paris-3.jpg 1000w, https:\/\/remylaurentkraft.com\/blog\/wp-content\/uploads\/2021\/10\/cover-paris-3-300x208.jpg 300w, https:\/\/remylaurentkraft.com\/blog\/wp-content\/uploads\/2021\/10\/cover-paris-3-768x533.jpg 768w\" sizes=\"auto, (max-width: 1000px) 100vw, 1000px\" \/><\/a><\/p>\n","protected":false},"excerpt":{"rendered":"<p>\u00c0 travers les activit\u00e9s des enfants, au march\u00e9, \u00e0 la p\u00eache, la cueillette, etc&#8230; partez \u00e0 la d\u00e9couverte des \u00eeles des Cara\u00efbes, de r\u00e9gions de m\u00e9tropole, ou bien de grandes cit\u00e9es. Livres bilingue : Fran\u00e7ais-Anglais. &nbsp; \u00a0<\/p>\n","protected":false},"author":7,"featured_media":2734,"comment_status":"open","ping_status":"closed","sticky":true,"template":"","format":"standard","meta":{"_exactmetrics_skip_tracking":false,"footnotes":""},"categories":[3],"tags":[],"class_list":["post-1886","post","type-post","status-publish","format-standard","has-post-thumbnail","hentry","category-publication"],"acf":[],"_links":{"self":[{"href":"https:\/\/remylaurentkraft.com\/blog\/wp-json\/wp\/v2\/posts\/1886","targetHints":{"allow":["GET"]}}],"collection":[{"href":"https:\/\/remylaurentkraft.com\/blog\/wp-json\/wp\/v2\/posts"}],"about":[{"href":"https:\/\/remylaurentkraft.com\/blog\/wp-json\/wp\/v2\/types\/post"}],"author":[{"embeddable":true,"href":"https:\/\/remylaurentkraft.com\/blog\/wp-json\/wp\/v2\/users\/7"}],"replies":[{"embeddable":true,"href":"https:\/\/remylaurentkraft.com\/blog\/wp-json\/wp\/v2\/comments?post=1886"}],"version-history":[{"count":27,"href":"https:\/\/remylaurentkraft.com\/blog\/wp-json\/wp\/v2\/posts\/1886\/revisions"}],"predecessor-version":[{"id":2721,"href":"https:\/\/remylaurentkraft.com\/blog\/wp-json\/wp\/v2\/posts\/1886\/revisions\/2721"}],"wp:featuredmedia":[{"embeddable":true,"href":"https:\/\/remylaurentkraft.com\/blog\/wp-json\/wp\/v2\/media\/2734"}],"wp:attachment":[{"href":"https:\/\/remylaurentkraft.com\/blog\/wp-json\/wp\/v2\/media?parent=1886"}],"wp:term":[{"taxonomy":"category","embeddable":true,"href":"https:\/\/remylaurentkraft.com\/blog\/wp-json\/wp\/v2\/categories?post=1886"},{"taxonomy":"post_tag","embeddable":true,"href":"https:\/\/remylaurentkraft.com\/blog\/wp-json\/wp\/v2\/tags?post=1886"}],"curies":[{"name":"wp","href":"https:\/\/api.w.org\/{rel}","templated":true}]}}