{"id":1978,"date":"2020-01-11T12:49:15","date_gmt":"2020-01-11T16:49:15","guid":{"rendered":"http:\/\/remylaurentkraft.com\/blog\/?p=1978"},"modified":"2021-10-24T17:12:31","modified_gmt":"2021-10-24T21:12:31","slug":"mere-noel-2017","status":"publish","type":"post","link":"https:\/\/remylaurentkraft.com\/blog\/mere-noel-2017\/","title":{"rendered":"M\u00e8re No\u00ebl 2017"},"content":{"rendered":"<p>Et bien cette ann\u00e9e honneur aux <strong>rousses<\/strong>&#8230;<\/p>\n<p>&nbsp;<\/p>\n<p><a href=\"https:\/\/remylaurentkraft.com\/blog\/wp-content\/uploads\/2020\/01\/merenoel2017-1-trait-manuel-visu-1.jpg\"><img loading=\"lazy\" decoding=\"async\" class=\"alignnone size-large wp-image-1976\" title=\"\" src=\"https:\/\/remylaurentkraft.com\/blog\/wp-content\/uploads\/2020\/01\/merenoel2017-1-trait-manuel-visu-1-1024x749.jpg\" alt=\"\" width=\"640\" height=\"468\" srcset=\"https:\/\/remylaurentkraft.com\/blog\/wp-content\/uploads\/2020\/01\/merenoel2017-1-trait-manuel-visu-1.jpg 1024w, https:\/\/remylaurentkraft.com\/blog\/wp-content\/uploads\/2020\/01\/merenoel2017-1-trait-manuel-visu-1-300x219.jpg 300w, https:\/\/remylaurentkraft.com\/blog\/wp-content\/uploads\/2020\/01\/merenoel2017-1-trait-manuel-visu-1-768x562.jpg 768w\" sizes=\"auto, (max-width: 640px) 100vw, 640px\" \/><\/a><\/p>\n<p>Je commence le trait.<\/p>\n<p>&nbsp;<\/p>\n<p>&nbsp;<\/p>\n<p><a title=\"\" href=\"https:\/\/remylaurentkraft.com\/blog\/wp-content\/uploads\/2020\/01\/merenoel2017-1-trait-complet.jpg\"><img loading=\"lazy\" decoding=\"async\" class=\"alignnone size-large wp-image-1971\" title=\"\" src=\"https:\/\/remylaurentkraft.com\/blog\/wp-content\/uploads\/2020\/01\/merenoel2017-1-trait-complet-1024x749.jpg\" alt=\"\" width=\"640\" height=\"468\" srcset=\"https:\/\/remylaurentkraft.com\/blog\/wp-content\/uploads\/2020\/01\/merenoel2017-1-trait-complet.jpg 1024w, https:\/\/remylaurentkraft.com\/blog\/wp-content\/uploads\/2020\/01\/merenoel2017-1-trait-complet-300x219.jpg 300w, https:\/\/remylaurentkraft.com\/blog\/wp-content\/uploads\/2020\/01\/merenoel2017-1-trait-complet-768x562.jpg 768w\" sizes=\"auto, (max-width: 640px) 100vw, 640px\" \/><\/a><\/p>\n<p>le dessin est pratiquement achev\u00e9.<\/p>\n<p>&nbsp;<\/p>\n<p>&nbsp;<\/p>\n<p><a title=\"\" href=\"https:\/\/remylaurentkraft.com\/blog\/wp-content\/uploads\/2020\/01\/croquis-visage.jpg\"><img loading=\"lazy\" decoding=\"async\" class=\"alignnone wp-image-1974\" title=\"\" src=\"https:\/\/remylaurentkraft.com\/blog\/wp-content\/uploads\/2020\/01\/croquis-visage.jpg\" alt=\"\" width=\"524\" height=\"610\" srcset=\"https:\/\/remylaurentkraft.com\/blog\/wp-content\/uploads\/2020\/01\/croquis-visage.jpg 850w, https:\/\/remylaurentkraft.com\/blog\/wp-content\/uploads\/2020\/01\/croquis-visage-300x349.jpg 300w, https:\/\/remylaurentkraft.com\/blog\/wp-content\/uploads\/2020\/01\/croquis-visage-258x300.jpg 258w, https:\/\/remylaurentkraft.com\/blog\/wp-content\/uploads\/2020\/01\/croquis-visage-768x894.jpg 768w\" sizes=\"auto, (max-width: 524px) 100vw, 524px\" \/><\/a><\/p>\n<p>Il restait \u00e0 peaufiner le visage<\/p>\n<p>&nbsp;<\/p>\n<p>&nbsp;<\/p>\n<p><a href=\"https:\/\/remylaurentkraft.com\/blog\/wp-content\/uploads\/2020\/01\/image-1-colordef-visu.jpg\"><img loading=\"lazy\" decoding=\"async\" class=\"alignnone wp-image-1979\" src=\"https:\/\/remylaurentkraft.com\/blog\/wp-content\/uploads\/2020\/01\/image-1-colordef-visu.jpg\" alt=\"\" width=\"632\" height=\"600\" srcset=\"https:\/\/remylaurentkraft.com\/blog\/wp-content\/uploads\/2020\/01\/image-1-colordef-visu.jpg 800w, https:\/\/remylaurentkraft.com\/blog\/wp-content\/uploads\/2020\/01\/image-1-colordef-visu-300x285.jpg 300w, https:\/\/remylaurentkraft.com\/blog\/wp-content\/uploads\/2020\/01\/image-1-colordef-visu-768x729.jpg 768w\" sizes=\"auto, (max-width: 632px) 100vw, 632px\" \/><\/a><\/p>\n<p>&nbsp;<\/p>\n<p>&nbsp;<\/p>\n<p><a title=\"\" href=\"https:\/\/remylaurentkraft.com\/blog\/wp-content\/uploads\/2020\/01\/color-vetement-1.jpg\"><img loading=\"lazy\" decoding=\"async\" class=\"alignnone size-large wp-image-1973\" title=\"\" src=\"https:\/\/remylaurentkraft.com\/blog\/wp-content\/uploads\/2020\/01\/color-vetement-1-1024x747.jpg\" alt=\"\" width=\"640\" height=\"467\" srcset=\"https:\/\/remylaurentkraft.com\/blog\/wp-content\/uploads\/2020\/01\/color-vetement-1.jpg 1024w, https:\/\/remylaurentkraft.com\/blog\/wp-content\/uploads\/2020\/01\/color-vetement-1-300x219.jpg 300w, https:\/\/remylaurentkraft.com\/blog\/wp-content\/uploads\/2020\/01\/color-vetement-1-768x560.jpg 768w\" sizes=\"auto, (max-width: 640px) 100vw, 640px\" \/><\/a><\/p>\n<p>&#8230; arranger les details des couleurs&#8230;<\/p>\n<p>&nbsp;<\/p>\n<p>&nbsp;<\/p>\n<p><a title=\"\" href=\"https:\/\/remylaurentkraft.com\/blog\/wp-content\/uploads\/2020\/01\/merenoel2017-2-colordef-visu.jpg\"><img loading=\"lazy\" decoding=\"async\" class=\"alignnone size-large wp-image-1970\" title=\"\" src=\"https:\/\/remylaurentkraft.com\/blog\/wp-content\/uploads\/2020\/01\/merenoel2017-2-colordef-visu-1024x749.jpg\" alt=\"\" width=\"640\" height=\"468\" srcset=\"https:\/\/remylaurentkraft.com\/blog\/wp-content\/uploads\/2020\/01\/merenoel2017-2-colordef-visu.jpg 1024w, https:\/\/remylaurentkraft.com\/blog\/wp-content\/uploads\/2020\/01\/merenoel2017-2-colordef-visu-300x219.jpg 300w, https:\/\/remylaurentkraft.com\/blog\/wp-content\/uploads\/2020\/01\/merenoel2017-2-colordef-visu-768x562.jpg 768w\" sizes=\"auto, (max-width: 640px) 100vw, 640px\" \/><\/a><\/p>\n<p>et la pinup de No\u00ebl est termin\u00e9e.<\/p>\n<p>&nbsp;<\/p>\n<p>\u00e0 l&rsquo;ann\u00e9e prochaine&#8230;<\/p>\n","protected":false},"excerpt":{"rendered":"<p>Et bien cette ann\u00e9e honneur aux rousses&#8230; &nbsp; Je commence le trait. &nbsp; &nbsp; le dessin est pratiquement achev\u00e9. &nbsp; &nbsp; Il restait \u00e0 peaufiner le visage &nbsp; &nbsp; &nbsp; &nbsp; &#8230; arranger les details des couleurs&#8230; &nbsp; &nbsp; et la pinup de No\u00ebl est termin\u00e9e. &nbsp; \u00e0 l&rsquo;ann\u00e9e prochaine&#8230;<\/p>\n","protected":false},"author":7,"featured_media":1979,"comment_status":"open","ping_status":"closed","sticky":false,"template":"","format":"standard","meta":{"_exactmetrics_skip_tracking":false,"footnotes":""},"categories":[90],"tags":[],"class_list":["post-1978","post","type-post","status-publish","format-standard","has-post-thumbnail","hentry","category-pin-up-art"],"acf":[],"_links":{"self":[{"href":"https:\/\/remylaurentkraft.com\/blog\/wp-json\/wp\/v2\/posts\/1978","targetHints":{"allow":["GET"]}}],"collection":[{"href":"https:\/\/remylaurentkraft.com\/blog\/wp-json\/wp\/v2\/posts"}],"about":[{"href":"https:\/\/remylaurentkraft.com\/blog\/wp-json\/wp\/v2\/types\/post"}],"author":[{"embeddable":true,"href":"https:\/\/remylaurentkraft.com\/blog\/wp-json\/wp\/v2\/users\/7"}],"replies":[{"embeddable":true,"href":"https:\/\/remylaurentkraft.com\/blog\/wp-json\/wp\/v2\/comments?post=1978"}],"version-history":[{"count":1,"href":"https:\/\/remylaurentkraft.com\/blog\/wp-json\/wp\/v2\/posts\/1978\/revisions"}],"predecessor-version":[{"id":1980,"href":"https:\/\/remylaurentkraft.com\/blog\/wp-json\/wp\/v2\/posts\/1978\/revisions\/1980"}],"wp:featuredmedia":[{"embeddable":true,"href":"https:\/\/remylaurentkraft.com\/blog\/wp-json\/wp\/v2\/media\/1979"}],"wp:attachment":[{"href":"https:\/\/remylaurentkraft.com\/blog\/wp-json\/wp\/v2\/media?parent=1978"}],"wp:term":[{"taxonomy":"category","embeddable":true,"href":"https:\/\/remylaurentkraft.com\/blog\/wp-json\/wp\/v2\/categories?post=1978"},{"taxonomy":"post_tag","embeddable":true,"href":"https:\/\/remylaurentkraft.com\/blog\/wp-json\/wp\/v2\/tags?post=1978"}],"curies":[{"name":"wp","href":"https:\/\/api.w.org\/{rel}","templated":true}]}}