{"id":202,"date":"2015-12-04T20:17:52","date_gmt":"2015-12-05T00:17:52","guid":{"rendered":"http:\/\/remylaurentkraft.com\/blog\/?p=202"},"modified":"2026-04-16T02:07:15","modified_gmt":"2026-04-16T00:07:15","slug":"virage","status":"publish","type":"post","link":"https:\/\/remylaurentkraft.com\/blog\/virage\/","title":{"rendered":"Virage &#8211; le pas \u00e0 pas"},"content":{"rendered":"<table border=\"0\" width=\"564\" cellspacing=\"2\" align=\"center\">\n<tbody>\n<tr>\n<td colspan=\"5\" width=\"558\">\n<div align=\"center\"><strong>\u00e9tapes de construction du tableau \u00ab\u00a0Virage\u00a0\u00bb<\/strong><\/div>\n<div align=\"center\"><\/div>\n<\/td>\n<\/tr>\n<tr>\n<td colspan=\"5\">\n<div align=\"center\"><img loading=\"lazy\" decoding=\"async\" src=\"https:\/\/remylaurentkraft.com\/blog\/wp-content\/uploads\/2026\/04\/photo-depart.jpg\" alt=\"\" width=\"460\" height=\"371\" \/><\/div>\n<\/td>\n<\/tr>\n<tr>\n<td colspan=\"5\">\n<div align=\"center\">au d\u00e9part, une photo qui m&rsquo;inspire&#8230;<\/div>\n<\/td>\n<\/tr>\n<tr>\n<td colspan=\"5\">\n<div align=\"center\"><img loading=\"lazy\" decoding=\"async\" src=\"https:\/\/remylaurentkraft.com\/blog\/wp-content\/uploads\/2026\/04\/virages-0.jpg\" alt=\"\" width=\"460\" height=\"322\" \/><\/div>\n<\/td>\n<\/tr>\n<tr>\n<td colspan=\"5\">\n<div align=\"center\">j&rsquo;y vois une petite route avec des virages prononc\u00e9s&#8230; et une petite f\u00e9e assise \u00e0 r\u00eaver, peut-\u00eatre en contemplant le paysage.<\/div>\n<\/td>\n<\/tr>\n<tr>\n<td colspan=\"5\">\n<div align=\"center\"><img loading=\"lazy\" decoding=\"async\" src=\"https:\/\/remylaurentkraft.com\/blog\/wp-content\/uploads\/2026\/04\/fee-1.jpg\" alt=\"\" width=\"365\" height=\"460\" \/><\/div>\n<\/td>\n<\/tr>\n<tr>\n<td colspan=\"5\">\n<div align=\"center\">un premier dessin, d&rsquo;une petite f\u00e9e.<\/div>\n<\/td>\n<\/tr>\n<tr>\n<td colspan=\"5\">\n<div align=\"center\"><img loading=\"lazy\" decoding=\"async\" src=\"https:\/\/remylaurentkraft.com\/blog\/wp-content\/uploads\/2026\/04\/fee-2.jpg\" alt=\"\" width=\"365\" height=\"460\" \/><\/div>\n<\/td>\n<\/tr>\n<tr>\n<td colspan=\"5\">\n<div align=\"center\">La mise en couleurs me donne des id\u00e9es&#8230;<\/div>\n<\/td>\n<\/tr>\n<tr>\n<td colspan=\"5\">\n<div align=\"center\"><img loading=\"lazy\" decoding=\"async\" src=\"https:\/\/remylaurentkraft.com\/blog\/wp-content\/uploads\/2026\/04\/fee-3.jpg\" alt=\"\" width=\"333\" height=\"460\" \/><\/div>\n<\/td>\n<\/tr>\n<tr>\n<td colspan=\"5\">\n<p align=\"center\">&#8230; en effet, je l&rsquo;imagine d\u00e9j\u00e0 mieux au milieux des feuilles.<\/p>\n<hr align=\"center\" \/>\n<p align=\"center\">Donc c&rsquo;est partis pour la toile.<\/p>\n<p align=\"center\">Je choisis un format 101 cm x 82 cm.<\/p>\n<p align=\"center\">J&rsquo;enduis la toile d&rsquo;une couche d&rsquo;apr\u00eat gris chaud, assez soutenu. Je trace grossi\u00e8rement \u00e0 la craie blanche les premiers traits utiles. Donc, la f\u00e9e, et les feuillages du premier plan. L&rsquo;horizon bien s\u00fbr, et la route.<\/p>\n<\/td>\n<\/tr>\n<tr>\n<td colspan=\"5\" height=\"20\">\n<div align=\"center\">\n<p><img loading=\"lazy\" decoding=\"async\" src=\"https:\/\/remylaurentkraft.com\/blog\/wp-content\/uploads\/2026\/04\/etape-01.jpg\" alt=\"\" width=\"460\" height=\"371\" \/><\/p>\n<p><img loading=\"lazy\" decoding=\"async\" src=\"https:\/\/remylaurentkraft.com\/blog\/wp-content\/uploads\/2026\/04\/etape-02.jpg\" alt=\"\" width=\"460\" height=\"371\" \/><\/p>\n<p><img loading=\"lazy\" decoding=\"async\" src=\"https:\/\/remylaurentkraft.com\/blog\/wp-content\/uploads\/2026\/04\/etape-03.jpg\" alt=\"\" width=\"460\" height=\"371\" \/><\/p>\n<p><img loading=\"lazy\" decoding=\"async\" src=\"https:\/\/remylaurentkraft.com\/blog\/wp-content\/uploads\/2026\/04\/etape-04.jpg\" alt=\"\" width=\"460\" height=\"371\" \/><\/p>\n<p><img loading=\"lazy\" decoding=\"async\" src=\"https:\/\/remylaurentkraft.com\/blog\/wp-content\/uploads\/2026\/04\/etape-05.jpg\" alt=\"\" width=\"460\" height=\"371\" \/><\/p>\n<\/div>\n<\/td>\n<\/tr>\n<tr>\n<td colspan=\"5\" height=\"20\">\n<div align=\"center\"><strong>le final <\/strong><\/div>\n<\/td>\n<\/tr>\n<tr>\n<td colspan=\"5\" height=\"389\">\n<div align=\"center\">\n<table border=\"2\" width=\"476\" cellspacing=\"0\" cellpadding=\"5\" align=\"center\">\n<tbody>\n<tr>\n<td width=\"460\"><a href=\"zoom\/virage\/viragezoom.html\"><img loading=\"lazy\" decoding=\"async\" src=\"https:\/\/remylaurentkraft.com\/blog\/wp-content\/uploads\/2026\/04\/final.jpg\" alt=\"\" width=\"460\" height=\"376\" border=\"0\" \/><\/a><\/td>\n<\/tr>\n<\/tbody>\n<\/table>\n<\/div>\n<\/td>\n<\/tr>\n<\/tbody>\n<\/table>\n","protected":false},"excerpt":{"rendered":"<p>\u00e9tapes de construction du tableau \u00ab\u00a0Virage\u00a0\u00bb au d\u00e9part, une photo qui m&rsquo;inspire&#8230; j&rsquo;y vois une petite route avec des virages prononc\u00e9s&#8230; et une petite f\u00e9e assise \u00e0 r\u00eaver, peut-\u00eatre en contemplant le paysage. un premier dessin, d&rsquo;une petite f\u00e9e. La mise en couleurs me donne des id\u00e9es&#8230; &#8230; en effet, je l&rsquo;imagine d\u00e9j\u00e0 mieux au milieux des feuilles. Donc c&rsquo;est partis pour la toile. Je choisis un format 101 cm x 82 cm. J&rsquo;enduis la toile d&rsquo;une couche d&rsquo;apr\u00eat gris chaud, assez soutenu. Je trace grossi\u00e8rement \u00e0 la craie blanche les premiers traits utiles. Donc, la f\u00e9e, et les feuillages du premier plan. L&rsquo;horizon bien s\u00fbr, et la route. le final<\/p>\n","protected":false},"author":7,"featured_media":212,"comment_status":"open","ping_status":"open","sticky":false,"template":"","format":"standard","meta":{"_exactmetrics_skip_tracking":false,"footnotes":""},"categories":[10],"tags":[],"class_list":["post-202","post","type-post","status-publish","format-standard","has-post-thumbnail","hentry","category-atelier"],"acf":[],"_links":{"self":[{"href":"https:\/\/remylaurentkraft.com\/blog\/wp-json\/wp\/v2\/posts\/202","targetHints":{"allow":["GET"]}}],"collection":[{"href":"https:\/\/remylaurentkraft.com\/blog\/wp-json\/wp\/v2\/posts"}],"about":[{"href":"https:\/\/remylaurentkraft.com\/blog\/wp-json\/wp\/v2\/types\/post"}],"author":[{"embeddable":true,"href":"https:\/\/remylaurentkraft.com\/blog\/wp-json\/wp\/v2\/users\/7"}],"replies":[{"embeddable":true,"href":"https:\/\/remylaurentkraft.com\/blog\/wp-json\/wp\/v2\/comments?post=202"}],"version-history":[{"count":12,"href":"https:\/\/remylaurentkraft.com\/blog\/wp-json\/wp\/v2\/posts\/202\/revisions"}],"predecessor-version":[{"id":2854,"href":"https:\/\/remylaurentkraft.com\/blog\/wp-json\/wp\/v2\/posts\/202\/revisions\/2854"}],"wp:featuredmedia":[{"embeddable":true,"href":"https:\/\/remylaurentkraft.com\/blog\/wp-json\/wp\/v2\/media\/212"}],"wp:attachment":[{"href":"https:\/\/remylaurentkraft.com\/blog\/wp-json\/wp\/v2\/media?parent=202"}],"wp:term":[{"taxonomy":"category","embeddable":true,"href":"https:\/\/remylaurentkraft.com\/blog\/wp-json\/wp\/v2\/categories?post=202"},{"taxonomy":"post_tag","embeddable":true,"href":"https:\/\/remylaurentkraft.com\/blog\/wp-json\/wp\/v2\/tags?post=202"}],"curies":[{"name":"wp","href":"https:\/\/api.w.org\/{rel}","templated":true}]}}