{"id":94,"date":"2015-11-04T00:53:59","date_gmt":"2015-11-04T04:53:59","guid":{"rendered":"http:\/\/remylaurentkraft.com\/blog\/?p=94"},"modified":"2023-11-28T03:11:24","modified_gmt":"2023-11-28T02:11:24","slug":"book","status":"publish","type":"post","link":"https:\/\/remylaurentkraft.com\/blog\/book\/","title":{"rendered":"Palmares &#8211; Expos"},"content":{"rendered":"<p align=\"left\">\n<h3 class=\"Style40\" align=\"left\">Palmares :<\/h3>\n<ul>\n<li>1995\u00a0 Agde : <strong>\u00ab\u00a0Grand prix\u00a0\u00bb<\/strong> de la ville<\/li>\n<li>1996\u00a0 B\u00e9ziers : <strong>\u00ab\u00a0Grand prix\u00a0\u00bb<\/strong> du jury 40\u00e8me Salon d\u2019Arts Plastiques<\/li>\n<li>1996\u00a0 Grau-du~Roi : <strong>\u00ab\u00a0Premier prix<\/strong>\u00a0\u00bb du Salon<\/li>\n<li>1997\u00a0 Aix en Provence : <strong>\u00ab\u00a0Premier prix<\/strong>\u00a0\u00bb Salon International \u201cSeigneur de l\u2019Art\u201d<\/li>\n<li>1997\u00a0 Cazoul : <strong>\u00ab\u00a0M\u00e9daille d\u2019argent\u00a0\u00bb<\/strong><\/li>\n<li>1997\u00a0 Piolenc : <strong>\u00ab\u00a0M\u00e9daille du salon\u00a0\u00bb<\/strong> Printemps des Arts Plastiques<\/li>\n<li>1997\u00a0 La Grande Motte : <strong>\u00ab\u00a0M\u00e9daille du.Salon\u00a0\u00bb<\/strong> des Arts Fran\u00e7ais en m\u00e9diterran\u00e9e<\/li>\n<li>1998\u00a0 Sainte Tulle : <strong>\u00ab\u00a0Grand prix\u00a0\u00bb<\/strong> Salon International des Seigneurs de l\u2019Art<\/li>\n<li>1998\u00a0 Valence : <strong>\u00ab\u00a0Grand prix\u00a0\u00bb<\/strong> Salon International des Seigneurs de l\u2019Art<\/li>\n<li>1998\u00a0 La Grande Motte : <strong>\u00ab\u00a0M\u00e9daille du.Salon\u00a0\u00bb<\/strong> Arts Fran\u00e7ais en m\u00e9diterran\u00e9e<\/li>\n<li>1998\u00a0 Aix en Provence : <strong>\u00ab\u00a0M\u00e9daille d\u2019or\u00a0\u00bb<\/strong> Salon International Seigneur de l\u2019Art<\/li>\n<li>1998\u00a0 Arles : <strong>\u00ab\u00a0M\u00e9daille d\u2019or\u00a0\u00bb<\/strong> Salon International Seigneur de l\u2019Art<\/li>\n<li>1998\u00a0 Paris : <strong>Selectionn\u00e9<\/strong> au Salon des Artistes Fran\u00e7ais<\/li>\n<\/ul>\n<h3 class=\"Style40\" align=\"left\">Expositions :<\/h3>\n<p><strong>1993<\/strong><br \/>\n&#8211; Galerie \u201cLa vieille case\u201d -St-Barthelemy<br \/>\n&#8211; Galerie \u201cdes arts\u201d &#8211; St-Barthelemy<br \/>\n&#8211; La Terrase au Soleil &#8211; Ceret- Galerie \u201cdes arts\u201d- N\u00eemes<\/p>\n<p><strong>1994<\/strong><br \/>\n&#8211; Galerie \u201cDu Chapitre\u201d-Rennes<br \/>\n&#8211; Galerie\u201dClos\u201d-S\u00e8tes<br \/>\n&#8211; Hostelerie des trois Forces &#8211; St-Barthelemy<br \/>\n&#8211; Galerie \u201cL\u2019Ecusson\u201d &#8211; Montpellier<\/p>\n<p><strong>1995<\/strong><br \/>\n&#8211; 39\u00e8me Salon D\u2019Arts Plastiques de B\u00e9zier.<br \/>\n&#8211; 18\u00e8me Salon-Espace Moli\u00e8re-Agde<br \/>\n&#8211; Festival de la M\u00e9diterann\u00e9e-Agde<br \/>\n&#8211; Espace St-Louis-S\u00e8tes<br \/>\n&#8211; Le casino-S\u00e8tes<br \/>\n&#8211; Yacht Club &#8211; Cap d\u2019Agde<\/p>\n<p><strong>1996<\/strong><br \/>\n&#8211; Art et Culture Hispanique \u00ab\u00a0La Marisma\u201d<br \/>\n&#8211; Colonia Espagnola : Rencontres Franco-Espagnoles du languedoc Roussillon<br \/>\n&#8211; 40\u00e8me Salon D\u2019Arts Plastiques De B\u00e9zier<br \/>\n&#8211; Festival Tauromachique du Grau du Roi<br \/>\n&#8211; Galerie \u201cMarigot Bay\u201d-St-Barth<br \/>\n&#8211; Les Floriales de S\u00e8tes<\/p>\n<p><strong>1997<\/strong><br \/>\n&#8211; Galerie des art \u201cSereno\u201d-St-Barth<br \/>\n&#8211; Maison des Arts.\u201dLes Hivernales de la danse Flamenca-B\u00e9zier<br \/>\n&#8211; Salon des Seigneurs de l\u2019Art -Aix en Provence<br \/>\n&#8211; Salon de Piolenc<br \/>\n&#8211; Galerie \u201cMarigot Bay\u201d- St-Barth<br \/>\n&#8211; Salon d\u2019Arts Plastiques de B\u00e9zier<br \/>\n&#8211; Salon des Arts Fran\u00e7ais en M\u00e9dit\u00e9rann\u00e9e<\/p>\n<p><strong>1998<\/strong><br \/>\n&#8211; Salon des Artistes Fran\u00e7ais-Paris<br \/>\n&#8211; Chateau de Lignan<\/p>\n<p><strong>2000 \/ 2004<\/strong><br \/>\n&#8211; Nombreux travaux de commande . France et Etats Unis<br \/>\n&#8211; Morristown &#8211; New Jerzey &#8211; Etats Unis R\u00e9alisation d\u2019une Fresque (28 m\u00e8tres \/ 3,5 m\u00e8tres) ainsi que 11 grandes toiles<\/p>\n<p><strong>2004 \/ 2005<\/strong><br \/>\n&#8211; Projet de com\u00e9die musicale \u00ab\u00a0Remember Alamo my amor\u00a0\u00bb (travail sur les textes, chor\u00e9graphie, et orientation musicale)<\/p>\n<p><strong>2006 \/ 2010<\/strong><br \/>\n&#8211; Bande Dessin\u00e9e MERDE NOIRE\u00a0 sc\u00e9nario, dessin, couleurs<br \/>\n(projet de 3 albums en cours).<\/p>\n<p><strong>2009<\/strong><br \/>\n&#8211; Fairies in St-Barth (toiles autour du th\u00e8me des f\u00e9es)<\/p>\n<p><strong>2010<\/strong><br \/>\n&#8211; Exposision \u00ab\u00a0au 88\u00a0\u00bb St-Barth<\/p>\n<p><strong>2011<\/strong><br \/>\n&#8211; Projet expo \u00e0 New York (Broadway Galerie)<\/p>\n<p><strong>2012<\/strong><br \/>\n&#8211; Concours Agora Gallery &#8211; New York<\/p>\n<p><strong>2016<\/strong><br \/>\n&#8211; <span class=\"x193iq5w xeuugli x13faqbe x1vvkbs xlh3980 xvmahel x1n0sxbx x1lliihq x1s928wv xhkezso x1gmr53x x1cpjm7i x1fgarty x1943h6x xudqn12 x3x7a5m x1f6kntn xvq8zen xo1l8bm xzsf02u x1yc453h\" dir=\"auto\">Exposition \u00ab\u00a0Art Party\u00a0\u00bb au mus\u00e9e territorial de Gustavia &#8211; St-Barth<\/span><br \/>\n&#8211; <span class=\"x193iq5w xeuugli x13faqbe x1vvkbs xlh3980 xvmahel x1n0sxbx x1lliihq x1s928wv xhkezso x1gmr53x x1cpjm7i x1fgarty x1943h6x xudqn12 x3x7a5m x1f6kntn xvq8zen xo1l8bm xzsf02u x1yc453h\" dir=\"auto\">Exposition<\/span> \u00ab\u00a0<span class=\"x193iq5w xeuugli x13faqbe x1vvkbs xlh3980 xvmahel x1n0sxbx x1lliihq x1s928wv xhkezso x1gmr53x x1cpjm7i x1fgarty x1943h6x xudqn12 x3x7a5m x1f6kntn xvq8zen xo1l8bm xzsf02u x1yc453h\" dir=\"auto\">Pinups de No\u00ebl\u00a0\u00bb restaurant le BARTOLOMEO &#8211; St-Barth<br \/>\n&#8211; Exposition \u00ab\u00a0Food Art\u00a0\u00bb Hotel Le Christopher &#8211; St-Barth<br \/>\n&#8211; Exposition \u00ab\u00a0Art Party\u00a0\u00bb AG2R &#8211; St-Barth<br \/>\n&#8211; Exposition \u00ab\u00a0Ganahani\u00a0\u00bb &#8211; St-Barth<br \/>\n&#8211; Exposition \u00ab\u00a0Manapany\u00a0\u00bb &#8211; St-Barth<\/span><\/p>\n<p><strong>2017<\/strong><br \/>\n&#8211; <span class=\"x193iq5w xeuugli x13faqbe x1vvkbs xlh3980 xvmahel x1n0sxbx x1lliihq x1s928wv xhkezso x1gmr53x x1cpjm7i x1fgarty x1943h6x xudqn12 x3x7a5m x1f6kntn xvq8zen xo1l8bm xzsf02u x1yc453h\" dir=\"auto\">Exposition \u00ab\u00a0Galerie Pati\u00a0\u00bb &#8211; St-Barth<\/span><\/p>\n","protected":false},"excerpt":{"rendered":"<p>Palmares : 1995\u00a0 Agde : \u00ab\u00a0Grand prix\u00a0\u00bb de la ville 1996\u00a0 B\u00e9ziers : \u00ab\u00a0Grand prix\u00a0\u00bb du jury 40\u00e8me Salon d\u2019Arts Plastiques 1996\u00a0 Grau-du~Roi : \u00ab\u00a0Premier prix\u00a0\u00bb du Salon 1997\u00a0 Aix en Provence : \u00ab\u00a0Premier prix\u00a0\u00bb Salon International \u201cSeigneur de l\u2019Art\u201d 1997\u00a0 Cazoul : \u00ab\u00a0M\u00e9daille d\u2019argent\u00a0\u00bb 1997\u00a0 Piolenc : \u00ab\u00a0M\u00e9daille du salon\u00a0\u00bb Printemps des Arts Plastiques 1997\u00a0 La Grande Motte : \u00ab\u00a0M\u00e9daille du.Salon\u00a0\u00bb des Arts Fran\u00e7ais en m\u00e9diterran\u00e9e 1998\u00a0 Sainte Tulle : \u00ab\u00a0Grand prix\u00a0\u00bb Salon International des Seigneurs de l\u2019Art 1998\u00a0 Valence : \u00ab\u00a0Grand prix\u00a0\u00bb Salon International des Seigneurs de l\u2019Art 1998\u00a0 La Grande Motte : \u00ab\u00a0M\u00e9daille du.Salon\u00a0\u00bb Arts Fran\u00e7ais en m\u00e9diterran\u00e9e 1998\u00a0 Aix en Provence : \u00ab\u00a0M\u00e9daille d\u2019or\u00a0\u00bb Salon International Seigneur de l\u2019Art 1998\u00a0 Arles : \u00ab\u00a0M\u00e9daille d\u2019or\u00a0\u00bb Salon International Seigneur de l\u2019Art 1998\u00a0 Paris : Selectionn\u00e9 au Salon des Artistes Fran\u00e7ais Expositions : 1993 &#8211; Galerie \u201cLa vieille case\u201d -St-Barthelemy &#8211; Galerie \u201cdes arts\u201d &#8211; St-Barthelemy &#8211; La Terrase au Soleil &#8211; Ceret- Galerie \u201cdes arts\u201d- N\u00eemes 1994 &#8211; Galerie \u201cDu Chapitre\u201d-Rennes &#8211; Galerie\u201dClos\u201d-S\u00e8tes &#8211; Hostelerie des trois Forces &#8211; St-Barthelemy &#8211; Galerie \u201cL\u2019Ecusson\u201d &#8211; Montpellier 1995 &#8211; 39\u00e8me Salon D\u2019Arts Plastiques de B\u00e9zier. &#8211; 18\u00e8me Salon-Espace Moli\u00e8re-Agde &#8211; Festival de la M\u00e9diterann\u00e9e-Agde &#8211; Espace St-Louis-S\u00e8tes &#8211; Le casino-S\u00e8tes &#8211; Yacht Club &#8211; Cap d\u2019Agde 1996 &#8211; Art et Culture Hispanique \u00ab\u00a0La Marisma\u201d &#8211; Colonia Espagnola : Rencontres Franco-Espagnoles du languedoc Roussillon &#8211; 40\u00e8me Salon D\u2019Arts Plastiques De B\u00e9zier &#8211; Festival Tauromachique du Grau du Roi &#8211; Galerie \u201cMarigot Bay\u201d-St-Barth &#8211; Les Floriales de S\u00e8tes 1997 &#8211; Galerie des art \u201cSereno\u201d-St-Barth &#8211; Maison des Arts.\u201dLes Hivernales de la danse Flamenca-B\u00e9zier &#8211; Salon des Seigneurs de l\u2019Art -Aix en Provence &#8211; Salon de Piolenc &#8211; Galerie \u201cMarigot Bay\u201d- St-Barth &#8211; Salon d\u2019Arts Plastiques de B\u00e9zier &#8211; Salon des Arts Fran\u00e7ais en M\u00e9dit\u00e9rann\u00e9e 1998 &#8211; Salon des Artistes Fran\u00e7ais-Paris &#8211; Chateau de Lignan 2000 \/ 2004 &#8211; Nombreux travaux de commande . France et Etats Unis &#8211; Morristown &#8211; New Jerzey &#8211; Etats Unis R\u00e9alisation d\u2019une Fresque (28 m\u00e8tres \/ 3,5 m\u00e8tres) ainsi que 11 grandes toiles 2004 \/ 2005 &#8211; Projet de com\u00e9die musicale \u00ab\u00a0Remember Alamo my amor\u00a0\u00bb (travail sur les textes, chor\u00e9graphie, et orientation musicale) 2006 \/ 2010 &#8211; Bande Dessin\u00e9e MERDE NOIRE\u00a0 sc\u00e9nario, dessin, couleurs (projet de 3 albums en cours). 2009 &#8211; Fairies in St-Barth (toiles autour du th\u00e8me des f\u00e9es) 2010 &#8211; Exposision \u00ab\u00a0au 88\u00a0\u00bb St-Barth 2011 &#8211; Projet expo \u00e0 New York (Broadway Galerie) 2012 &#8211; Concours Agora Gallery &#8211; New York 2016 &#8211; Exposition \u00ab\u00a0Art Party\u00a0\u00bb au mus\u00e9e territorial de Gustavia &#8211; St-Barth &#8211; Exposition \u00ab\u00a0Pinups de No\u00ebl\u00a0\u00bb restaurant le BARTOLOMEO &#8211; St-Barth &#8211; Exposition \u00ab\u00a0Food Art\u00a0\u00bb Hotel Le Christopher &#8211; St-Barth &#8211; Exposition \u00ab\u00a0Art Party\u00a0\u00bb AG2R &#8211; St-Barth &#8211; Exposition \u00ab\u00a0Ganahani\u00a0\u00bb &#8211; St-Barth &#8211; Exposition \u00ab\u00a0Manapany\u00a0\u00bb &#8211; St-Barth 2017 &#8211; Exposition \u00ab\u00a0Galerie Pati\u00a0\u00bb &#8211; St-Barth<\/p>\n","protected":false},"author":7,"featured_media":99,"comment_status":"open","ping_status":"open","sticky":false,"template":"","format":"standard","meta":{"_exactmetrics_skip_tracking":false,"footnotes":""},"categories":[169],"tags":[],"class_list":["post-94","post","type-post","status-publish","format-standard","has-post-thumbnail","hentry","category-palmares-expos"],"acf":[],"_links":{"self":[{"href":"https:\/\/remylaurentkraft.com\/blog\/wp-json\/wp\/v2\/posts\/94","targetHints":{"allow":["GET"]}}],"collection":[{"href":"https:\/\/remylaurentkraft.com\/blog\/wp-json\/wp\/v2\/posts"}],"about":[{"href":"https:\/\/remylaurentkraft.com\/blog\/wp-json\/wp\/v2\/types\/post"}],"author":[{"embeddable":true,"href":"https:\/\/remylaurentkraft.com\/blog\/wp-json\/wp\/v2\/users\/7"}],"replies":[{"embeddable":true,"href":"https:\/\/remylaurentkraft.com\/blog\/wp-json\/wp\/v2\/comments?post=94"}],"version-history":[{"count":30,"href":"https:\/\/remylaurentkraft.com\/blog\/wp-json\/wp\/v2\/posts\/94\/revisions"}],"predecessor-version":[{"id":2687,"href":"https:\/\/remylaurentkraft.com\/blog\/wp-json\/wp\/v2\/posts\/94\/revisions\/2687"}],"wp:featuredmedia":[{"embeddable":true,"href":"https:\/\/remylaurentkraft.com\/blog\/wp-json\/wp\/v2\/media\/99"}],"wp:attachment":[{"href":"https:\/\/remylaurentkraft.com\/blog\/wp-json\/wp\/v2\/media?parent=94"}],"wp:term":[{"taxonomy":"category","embeddable":true,"href":"https:\/\/remylaurentkraft.com\/blog\/wp-json\/wp\/v2\/categories?post=94"},{"taxonomy":"post_tag","embeddable":true,"href":"https:\/\/remylaurentkraft.com\/blog\/wp-json\/wp\/v2\/tags?post=94"}],"curies":[{"name":"wp","href":"https:\/\/api.w.org\/{rel}","templated":true}]}}